{"id":4104,"date":"2018-06-22T14:07:00","date_gmt":"2018-06-22T14:07:00","guid":{"rendered":"https:\/\/saloanoticias.mrmediaweb.com\/v1\/2018\/06\/22\/brasil-vence-a-costa-rica-por-2x0-nos-acrescimos\/"},"modified":"2018-06-22T14:07:00","modified_gmt":"2018-06-22T14:07:00","slug":"brasil-vence-a-costa-rica-por-2x0-nos-acrescimos","status":"publish","type":"post","link":"https:\/\/www.saloanoticias.com\/v1\/brasil-vence-a-costa-rica-por-2x0-nos-acrescimos\/","title":{"rendered":"BRASIL VENCE A COSTA RICA POR 2X0 NOS ACR\u00c9SCIMOS E RESPIRA ALIVIADO"},"content":{"rendered":"<p align=\"justify\"><font size=\"3\" face=\"Arial\"><a href=\"http:\/\/www.saloanoticias.com\/images\/padre-marcos.jpg\"><img loading=\"lazy\" decoding=\"async\" title=\"padre marcos\" style=\"border-top: 0px; border-right: 0px; background-image: none; border-bottom: 0px; float: none; padding-top: 0px; padding-left: 0px; margin: 0px auto 10px; border-left: 0px; display: block; padding-right: 0px\" border=\"0\" alt=\"padre marcos\" src=\"http:\/\/www.saloanoticias.com\/v1\/wp-content\/uploads\/imagens\/padre-marcos_thumb.jpg\" width=\"1435\" height=\"808\"><\/a>Milh\u00f5es e milh\u00f5es de gargantas desentalaram nos acr\u00e9scimos. O grito de gol veio \u00e0 boca in\u00fameras vezes, mas parou no travess\u00e3o, parou em Keylor Navas, parou numa rara m\u00e1 pontaria de Neymar, parou at\u00e9 no VAR, que anulou p\u00eanalti em cima do camisa 10. Quando o empate era uma realidade dura, Philippe Coutinho apareceu para concluir na grande \u00e1rea e fazer o Brasil respirar na Copa do Mundo. Respirar, tocar, tocar, tocar, dar ol\u00e9 e esperar o segundo, de Neymar, para o jogo poder acabar. Ao apito final se seguiram muitas l\u00e1grimas do atacante, ainda longe das condi\u00e7\u00f5es ideais, mas sem um enorme peso nos ombros. Agora com quatro pontos, o Brasil vai decidir seu futuro contra a S\u00e9rvia, na pr\u00f3xima quarta-feira. Poder\u00e1 passar em primeiro, em segundo ou nem avan\u00e7ar. Depende de outros resultados. Mas o futuro clareou ap\u00f3s os gols no fim.<\/font><\/p>\n<p align=\"justify\"><font size=\"3\" face=\"Arial\">Durante todo o primeiro tempo, o Brasil teve estat\u00edsticas melhores do que as da Costa Rica, mas isso s\u00f3 foi materializado em bom futebol numa m\u00ednima parte. Quando acelerou o jogo, a equipe conseguiu achatar o advers\u00e1rio em sua \u00e1rea, mas n\u00e3o concluiu. A melhor chance de gol, ali\u00e1s, foi da Costa Rica. Num avan\u00e7o pela direita, Borges recebeu livre na \u00e1rea e finalizou mal. Neymar, Willian e Gabriel Jesus outra vez ficaram abaixo, embora o camisa 9 tenha tido um gol bem anulado por impedimento. Como num replay da estreia, Coutinho se destacou nesses primeiros 45 minutos.<\/font><\/p>\n<p align=\"justify\"><font size=\"3\" face=\"Arial\">At\u00e9 Coutinho e Neymar marcarem, aos 46 e 53 minutos, foram in\u00fameras as chances perdidas por um Brasil, dessa vez sim, melhor na pr\u00e1tica. Com Douglas Costa no lugar de Willian, a equipe teve amplitude necess\u00e1ria para encontrar espa\u00e7os na defesa da Costa Rica. Gabriel Jesus cabeceou no travess\u00e3o, Navas fez boas defesas, a zaga cortes milagrosos, e quando n\u00e3o havia costarriquenhos no caminho, Neymar, num tapa de direita, desperdi\u00e7ou chance rara. O p\u00eanalti anulado pelo \u00e1rbitro foi como a certeza de que poderia haver mais dezenas de minutos e o gol n\u00e3o sairia. Nem toda certeza se concretiza. Felizmente. A insist\u00eancia do Brasil castigou a cera da Costa Rica. <strong><font size=\"2\">Fonte: Globo.com<\/font><\/strong><\/font><\/p>\n<div style=\"margin-top: 0px; margin-bottom: 0px;\" class=\"sharethis-inline-share-buttons\" ><\/div>","protected":false},"excerpt":{"rendered":"<p>Milh\u00f5es e milh\u00f5es de gargantas desentalaram nos acr\u00e9scimos. O grito de gol veio \u00e0 boca in\u00fameras vezes, mas parou no travess\u00e3o, parou em Keylor Navas, parou numa rara m\u00e1 pontaria de Neymar, parou at\u00e9 no VAR, que anulou p\u00eanalti em cima do camisa 10. Quando o empate era uma realidade dura, Philippe Coutinho apareceu para [&hellip;]<\/p>\n","protected":false},"author":1,"featured_media":0,"comment_status":"open","ping_status":"open","sticky":false,"template":"","format":"standard","meta":{"footnotes":""},"categories":[2],"tags":[],"class_list":["post-4104","post","type-post","status-publish","format-standard","hentry","category-noticias-do-dia"],"_links":{"self":[{"href":"https:\/\/www.saloanoticias.com\/v1\/wp-json\/wp\/v2\/posts\/4104","targetHints":{"allow":["GET"]}}],"collection":[{"href":"https:\/\/www.saloanoticias.com\/v1\/wp-json\/wp\/v2\/posts"}],"about":[{"href":"https:\/\/www.saloanoticias.com\/v1\/wp-json\/wp\/v2\/types\/post"}],"author":[{"embeddable":true,"href":"https:\/\/www.saloanoticias.com\/v1\/wp-json\/wp\/v2\/users\/1"}],"replies":[{"embeddable":true,"href":"https:\/\/www.saloanoticias.com\/v1\/wp-json\/wp\/v2\/comments?post=4104"}],"version-history":[{"count":0,"href":"https:\/\/www.saloanoticias.com\/v1\/wp-json\/wp\/v2\/posts\/4104\/revisions"}],"wp:attachment":[{"href":"https:\/\/www.saloanoticias.com\/v1\/wp-json\/wp\/v2\/media?parent=4104"}],"wp:term":[{"taxonomy":"category","embeddable":true,"href":"https:\/\/www.saloanoticias.com\/v1\/wp-json\/wp\/v2\/categories?post=4104"},{"taxonomy":"post_tag","embeddable":true,"href":"https:\/\/www.saloanoticias.com\/v1\/wp-json\/wp\/v2\/tags?post=4104"}],"curies":[{"name":"wp","href":"https:\/\/api.w.org\/{rel}","templated":true}]}}