{"id":4102,"date":"2018-06-21T10:00:00","date_gmt":"2018-06-21T10:00:00","guid":{"rendered":"https:\/\/saloanoticias.mrmediaweb.com\/v1\/2018\/06\/21\/saloa-agora-tem-uma-escolinha-de-futebol\/"},"modified":"2018-06-21T10:00:00","modified_gmt":"2018-06-21T10:00:00","slug":"saloa-agora-tem-uma-escolinha-de-futebol","status":"publish","type":"post","link":"https:\/\/www.saloanoticias.com\/v1\/saloa-agora-tem-uma-escolinha-de-futebol\/","title":{"rendered":"SALO\u00c1-PE AGORA TEM UMA ESCOLINHA DE FUTEBOL PARA CRIAN\u00c7AS E ADOLESCENTES"},"content":{"rendered":"<p align=\"justify\"><font size=\"3\" face=\"Arial\"><a href=\"http:\/\/www.saloanoticias.com\/images\/ascom-1-14.jpg\"><img loading=\"lazy\" decoding=\"async\" title=\"Ascom 1 (14)\" style=\"border-top: 0px; border-right: 0px; background-image: none; border-bottom: 0px; float: none; padding-top: 0px; padding-left: 0px; margin: 0px auto 10px; border-left: 0px; display: block; padding-right: 0px\" border=\"0\" alt=\"Ascom 1 (14)\" src=\"http:\/\/www.saloanoticias.com\/v1\/wp-content\/uploads\/imagens\/ascom-1-14_thumb.jpg\" width=\"1429\" height=\"1072\"><\/a>Iniciaram-se na \u00faltima quinta feira (14\/06) os trabalhos na \u201cEscolinha de Futebol Uni\u00e3o Bola pra Frente\u201d da cidade de Salo\u00e1\/PE. As atividades iniciaram com 110 crian\u00e7as matriculadas, sendo os treinos divididos em dois turnos: manh\u00e3 e tarde. <\/font><font size=\"3\" face=\"Arial\">Segundo o coordenador do projeto, Professor Miguel Jr., as crian\u00e7as e os adolescentes come\u00e7aram bem empolgadas e felizes. Ele disse ainda que \u00e9 muito importante incentivar o esporte, ocupando assim o tempo ocioso com uma pr\u00e1tica esportiva.<a href=\"http:\/\/www.saloanoticias.com\/images\/ascom-2-9.jpg\"><img loading=\"lazy\" decoding=\"async\" title=\"Ascom 2 (9)\" style=\"border-top: 0px; border-right: 0px; background-image: none; border-bottom: 0px; float: none; padding-top: 0px; padding-left: 0px; margin: 10px auto; border-left: 0px; display: block; padding-right: 0px\" border=\"0\" alt=\"Ascom 2 (9)\" src=\"http:\/\/www.saloanoticias.com\/v1\/wp-content\/uploads\/imagens\/ascom-2-9_thumb.jpg\" width=\"1437\" height=\"1079\"><\/a><\/font><\/p>\n<p align=\"justify\"><font size=\"3\" face=\"Arial\">O<\/font><font size=\"3\" face=\"Arial\">s adolescentes e crian\u00e7as que desejaram participar precisam ter entre 9 e 14 anos de idade e est\u00e1 regularmente matriculado em uma escola, atendendo esses crit\u00e9rios \u00e9 s\u00f3 procurar o Prof. Miguel Jr. nos hor\u00e1rios dos treinos. Este projeto tem o apoio total da Prefeitura de Salo\u00e1\/PE e a coordena\u00e7\u00e3o dos professores Pelezinho, ex-atleta profissional de futebol e Miguel Junior. Os interessados em participar deste projeto devem se informar tamb\u00e9m na Secretaria de Esportes do Munic\u00edpio com Pelezinho.<\/font><\/p>\n<p align=\"center\"><font size=\"4\" face=\"Arial\"><u><strong>Hor\u00e1rios dos Treinos<\/strong><\/u><\/font> <\/p>\n<p align=\"center\"><font size=\"3\" face=\"Arial\">Segunda, Ter\u00e7a, Quinta e sexta-feira<\/font> <\/p>\n<p align=\"center\"><font size=\"3\" face=\"Arial\">Manh\u00e3: das 08h \u00e0s 10hs<\/font> <\/p>\n<p align=\"center\"><font size=\"3\" face=\"Arial\">Tarde: das 15h \u00e0s 17hs<\/font> <\/p>\n<p align=\"center\"><a href=\"http:\/\/www.saloanoticias.com\/images\/ascom-3-6.jpg\"><img loading=\"lazy\" decoding=\"async\" title=\"Ascom 3 (6)\" style=\"border-top: 0px; border-right: 0px; background-image: none; border-bottom: 0px; float: none; padding-top: 0px; padding-left: 0px; margin-left: auto; border-left: 0px; display: block; padding-right: 0px; margin-right: auto\" border=\"0\" alt=\"Ascom 3 (6)\" src=\"http:\/\/www.saloanoticias.com\/v1\/wp-content\/uploads\/imagens\/ascom-3-6_thumb.jpg\" width=\"1442\" height=\"886\"><\/a><\/p>\n<div style=\"margin-top: 0px; margin-bottom: 0px;\" class=\"sharethis-inline-share-buttons\" ><\/div>","protected":false},"excerpt":{"rendered":"<p>Iniciaram-se na \u00faltima quinta feira (14\/06) os trabalhos na \u201cEscolinha de Futebol Uni\u00e3o Bola pra Frente\u201d da cidade de Salo\u00e1\/PE. As atividades iniciaram com 110 crian\u00e7as matriculadas, sendo os treinos divididos em dois turnos: manh\u00e3 e tarde. Segundo o coordenador do projeto, Professor Miguel Jr., as crian\u00e7as e os adolescentes come\u00e7aram bem empolgadas e felizes. [&hellip;]<\/p>\n","protected":false},"author":1,"featured_media":0,"comment_status":"open","ping_status":"open","sticky":false,"template":"","format":"standard","meta":{"footnotes":""},"categories":[2],"tags":[],"class_list":["post-4102","post","type-post","status-publish","format-standard","hentry","category-noticias-do-dia"],"_links":{"self":[{"href":"https:\/\/www.saloanoticias.com\/v1\/wp-json\/wp\/v2\/posts\/4102","targetHints":{"allow":["GET"]}}],"collection":[{"href":"https:\/\/www.saloanoticias.com\/v1\/wp-json\/wp\/v2\/posts"}],"about":[{"href":"https:\/\/www.saloanoticias.com\/v1\/wp-json\/wp\/v2\/types\/post"}],"author":[{"embeddable":true,"href":"https:\/\/www.saloanoticias.com\/v1\/wp-json\/wp\/v2\/users\/1"}],"replies":[{"embeddable":true,"href":"https:\/\/www.saloanoticias.com\/v1\/wp-json\/wp\/v2\/comments?post=4102"}],"version-history":[{"count":0,"href":"https:\/\/www.saloanoticias.com\/v1\/wp-json\/wp\/v2\/posts\/4102\/revisions"}],"wp:attachment":[{"href":"https:\/\/www.saloanoticias.com\/v1\/wp-json\/wp\/v2\/media?parent=4102"}],"wp:term":[{"taxonomy":"category","embeddable":true,"href":"https:\/\/www.saloanoticias.com\/v1\/wp-json\/wp\/v2\/categories?post=4102"},{"taxonomy":"post_tag","embeddable":true,"href":"https:\/\/www.saloanoticias.com\/v1\/wp-json\/wp\/v2\/tags?post=4102"}],"curies":[{"name":"wp","href":"https:\/\/api.w.org\/{rel}","templated":true}]}}