{"id":4101,"date":"2018-06-20T18:19:00","date_gmt":"2018-06-20T18:19:00","guid":{"rendered":"https:\/\/saloanoticias.mrmediaweb.com\/v1\/2018\/06\/20\/missa-de-30-dia-rivaldo-alves-de-souza\/"},"modified":"2018-06-20T18:19:00","modified_gmt":"2018-06-20T18:19:00","slug":"missa-de-30-dia-rivaldo-alves-de-souza","status":"publish","type":"post","link":"https:\/\/www.saloanoticias.com\/v1\/missa-de-30-dia-rivaldo-alves-de-souza\/","title":{"rendered":"MISSA 30\u00ba DIA: RIVALDO ALVES DE SOUZA"},"content":{"rendered":"<p align=\"justify\"><font size=\"3\" face=\"Arial\"><a href=\"http:\/\/www.saloanoticias.com\/images\/35472318_176614443015798_817745598311563264_n_9298f66def70a9a46136d6fe8ad4071c.jpg\"><img loading=\"lazy\" decoding=\"async\" title=\"35472318_176614443015798_817745598311563264_n\" style=\"border-top: 0px; border-right: 0px; background-image: none; border-bottom: 0px; float: left; padding-top: 0px; padding-left: 0px; margin: 5px 5px 0px 0px; border-left: 0px; display: inline; padding-right: 0px\" border=\"0\" alt=\"35472318_176614443015798_817745598311563264_n\" src=\"http:\/\/www.saloanoticias.com\/v1\/wp-content\/uploads\/imagens\/35472318_176614443015798_817745598311563264_n_thumb_14fdaec6c853a54ee2722f04f483d95e.jpg\" width=\"249\" align=\"left\" height=\"242\"><\/a>O filho, Rivaldo Alves de Souza Junior, os irm\u00e3os Manoel Ricardo, Minerva, Diana, Nivaldo, Genivalda e demais familiares, convidam todos os parentes e amigos, para participarem da missa de 30\u00ba dia que mandam celebrar em mem\u00f3ria da alma de Rivaldo Alves de Souza, ex-prefeito deste Munic\u00edpio, que ser\u00e1 realizada nesta sexta-feira, dia 22 de junho de 2018, \u00e0s 16h na Igreja Matriz de S\u00e3o Vicente de Paulo, localizada no Centro da cidade. A missa ser\u00e1 celebrada pelo padre Marcos Andr\u00e9 e os familiares agradecem desde j\u00e1 a todos que comparecerem a este ato de f\u00e9 e irmandade crist\u00e3.<\/font><\/p>\n<div style=\"margin-top: 0px; margin-bottom: 0px;\" class=\"sharethis-inline-share-buttons\" ><\/div>","protected":false},"excerpt":{"rendered":"<p>O filho, Rivaldo Alves de Souza Junior, os irm\u00e3os Manoel Ricardo, Minerva, Diana, Nivaldo, Genivalda e demais familiares, convidam todos os parentes e amigos, para participarem da missa de 30\u00ba dia que mandam celebrar em mem\u00f3ria da alma de Rivaldo Alves de Souza, ex-prefeito deste Munic\u00edpio, que ser\u00e1 realizada nesta sexta-feira, dia 22 de junho [&hellip;]<\/p>\n","protected":false},"author":1,"featured_media":0,"comment_status":"open","ping_status":"open","sticky":false,"template":"","format":"standard","meta":{"footnotes":""},"categories":[2],"tags":[],"class_list":["post-4101","post","type-post","status-publish","format-standard","hentry","category-noticias-do-dia"],"_links":{"self":[{"href":"https:\/\/www.saloanoticias.com\/v1\/wp-json\/wp\/v2\/posts\/4101","targetHints":{"allow":["GET"]}}],"collection":[{"href":"https:\/\/www.saloanoticias.com\/v1\/wp-json\/wp\/v2\/posts"}],"about":[{"href":"https:\/\/www.saloanoticias.com\/v1\/wp-json\/wp\/v2\/types\/post"}],"author":[{"embeddable":true,"href":"https:\/\/www.saloanoticias.com\/v1\/wp-json\/wp\/v2\/users\/1"}],"replies":[{"embeddable":true,"href":"https:\/\/www.saloanoticias.com\/v1\/wp-json\/wp\/v2\/comments?post=4101"}],"version-history":[{"count":0,"href":"https:\/\/www.saloanoticias.com\/v1\/wp-json\/wp\/v2\/posts\/4101\/revisions"}],"wp:attachment":[{"href":"https:\/\/www.saloanoticias.com\/v1\/wp-json\/wp\/v2\/media?parent=4101"}],"wp:term":[{"taxonomy":"category","embeddable":true,"href":"https:\/\/www.saloanoticias.com\/v1\/wp-json\/wp\/v2\/categories?post=4101"},{"taxonomy":"post_tag","embeddable":true,"href":"https:\/\/www.saloanoticias.com\/v1\/wp-json\/wp\/v2\/tags?post=4101"}],"curies":[{"name":"wp","href":"https:\/\/api.w.org\/{rel}","templated":true}]}}