{"id":4099,"date":"2018-06-20T01:11:00","date_gmt":"2018-06-20T01:11:00","guid":{"rendered":"https:\/\/saloanoticias.mrmediaweb.com\/v1\/2018\/06\/20\/policia-elucida-crime-de-estupro-em-saloa\/"},"modified":"2018-06-20T01:11:00","modified_gmt":"2018-06-20T01:11:00","slug":"policia-elucida-crime-de-estupro-em-saloa","status":"publish","type":"post","link":"https:\/\/www.saloanoticias.com\/v1\/policia-elucida-crime-de-estupro-em-saloa\/","title":{"rendered":"POL\u00cdCIA ELUCIDA CRIME DE EST\u00daPRO NO MUNIC\u00cdPIO DE SALO\u00c1\/PE"},"content":{"rendered":"<p align=\"justify\"><font size=\"3\" face=\"Arial\"><a href=\"http:\/\/www.saloanoticias.com\/images\/delegado-alysson-camara-agreste-violento_c1592f3da6d4ad79282cf69a68964c4f.jpg\"><img loading=\"lazy\" decoding=\"async\" title=\"delegado-alysson-camara-agreste-violento\" style=\"border-top: 0px; border-right: 0px; background-image: none; border-bottom: 0px; float: left; padding-top: 0px; padding-left: 0px; margin: 5px 5px 0px 0px; border-left: 0px; display: inline; padding-right: 0px\" border=\"0\" alt=\"delegado-alysson-camara-agreste-violento\" src=\"http:\/\/www.saloanoticias.com\/v1\/wp-content\/uploads\/imagens\/delegado-alysson-camara-agreste-violento_thumb_99a5e5c3d1b6986b37adee1ea7a7b5b8.jpg\" width=\"238\" align=\"left\" height=\"227\"><\/a>A equipe da Delegacia de Saloa sob o comando do Delegado Alysson C\u00e2mara conseguiu elucidar o crime de estupro ocorrido no \u00faltimo dia 11 de mar\u00e7o, na cidade de Salo\u00e1, durante o evento denominado &#8220;Trilha da Cachoeira&#8221;, onde dois indiv\u00edduos, numa motocicleta cor vermelha, portando arma de fogo, abordaram uma jovem de 18 anos, anunciando um assalto, tentando roubar o aparelho celular da vitima e, logo em seguida, obrigaram a mesma a subir na moto, sequestrando a jovem, que foi levada para uma estrada vicinal, onde, sob a mira de arma de fogo, foi obrigada a manter rela\u00e7\u00f5es sexuais com os dois indiv\u00edduos! <\/font><\/p>\n<p align=\"justify\"><font size=\"3\" face=\"Arial\">Ap\u00f3s a pr\u00e1tica da tentativa de roubo, sequestro e estupro os marginais voltaram com a v\u00edtima para a cidade, na busca de outro local para continuarem o crime de estupro, foi quando a v\u00edtima consegui pular da moto e se refugiar na resid\u00eancia de conhecidos, onde foi socorrida, encaminhada para o Hospital e em seguida ao plant\u00e3o da 18a Delegacia Seccional. <\/font><font size=\"3\" face=\"Arial\">Na mesma noite, a referida dupla ainda tentou roubar e sequestrar uma outra jovem de 16 anos, que conseguiu gritar por socorro, despertando a aten\u00e7\u00e3o de moradores e afugentando os bandidos que fugiram na mesma moto de cor vermelha.<\/font><\/p>\n<p align=\"justify\"><font size=\"3\" face=\"Arial\">Ao serem ouvidas no plant\u00e3o e na Delegacia de Salo\u00e1, as v\u00edtimas apontaram as caracter\u00edsticas dos bandidos e da motocicleta, atrav\u00e9s das quais a Policia come\u00e7ou a investigar objetivando elucidar o crime, encontrar os autores e seu paradeiro, chegando, atrav\u00e9s de informes, a identificar os dois suspeitos K.S.S. (17 anos, estudante) e JOS\u00c9 JAILSON GOMES DE OLIVEIRA (20 anos, agricultor), ambos residentes na cidade de Iati, os quais foram intimados para serem ouvidos na Delegacia, onde foram reconhecidos categoricamente pelas v\u00edtimas, vindo a confessarem os crimes com riqueza de detalhes.<\/font><\/p>\n<p align=\"justify\"><font size=\"3\" face=\"Arial\">Com a identifica\u00e7\u00e3o dos autores e decreta\u00e7\u00e3o da pris\u00e3o de um deles, foi montada opera\u00e7\u00e3o pelas equipes de Salo\u00e1 e Iat\u00ed (onde os indiv\u00edduos tamb\u00e9m respondem a inqu\u00e9ritos por estupro e outros crimes), resultando na localiza\u00e7\u00e3o e apreens\u00e3o do adolescente K.S.S. (17 anos) preso na cidade de Iati, o qual foi encaminhado para a FUNASE-Garanhuns, ap\u00f3s ser submetido a exame de corpo de delito. <\/font><font size=\"3\" face=\"Arial\">A Policia Civil pede a colabora\u00e7\u00e3o da popula\u00e7\u00e3o para tentar localizar e retirar de circula\u00e7\u00e3o o 2\u00ba suspeito JOS\u00c9 JAILSON GOMES DE OLIVEIRA, que \u00e9 considerado foragido. <\/font><font size=\"3\" face=\"Arial\">(AJUDE A POL\u00cdCIA A LOCALIZAR O BANDIDO!) &#8211; Qualquer informa\u00e7\u00e3o ou den\u00fancia, favor entrar em contato pelos seguintes telefones: <\/font><font size=\"2\" face=\"Arial\"><strong>(87)3782-1902 (DP\/Salo\u00e1) \/ (87) 3786-1902 (DP\/Iat\u00ed) \/ (87)3761-8206 (18a DESEC) \/ 190 &#8211; Pol\u00edcia Militar<\/strong><\/font><\/p>\n<div style=\"margin-top: 0px; margin-bottom: 0px;\" class=\"sharethis-inline-share-buttons\" ><\/div>","protected":false},"excerpt":{"rendered":"<p>A equipe da Delegacia de Saloa sob o comando do Delegado Alysson C\u00e2mara conseguiu elucidar o crime de estupro ocorrido no \u00faltimo dia 11 de mar\u00e7o, na cidade de Salo\u00e1, durante o evento denominado &#8220;Trilha da Cachoeira&#8221;, onde dois indiv\u00edduos, numa motocicleta cor vermelha, portando arma de fogo, abordaram uma jovem de 18 anos, anunciando [&hellip;]<\/p>\n","protected":false},"author":1,"featured_media":0,"comment_status":"open","ping_status":"open","sticky":false,"template":"","format":"standard","meta":{"footnotes":""},"categories":[2],"tags":[],"class_list":["post-4099","post","type-post","status-publish","format-standard","hentry","category-noticias-do-dia"],"_links":{"self":[{"href":"https:\/\/www.saloanoticias.com\/v1\/wp-json\/wp\/v2\/posts\/4099","targetHints":{"allow":["GET"]}}],"collection":[{"href":"https:\/\/www.saloanoticias.com\/v1\/wp-json\/wp\/v2\/posts"}],"about":[{"href":"https:\/\/www.saloanoticias.com\/v1\/wp-json\/wp\/v2\/types\/post"}],"author":[{"embeddable":true,"href":"https:\/\/www.saloanoticias.com\/v1\/wp-json\/wp\/v2\/users\/1"}],"replies":[{"embeddable":true,"href":"https:\/\/www.saloanoticias.com\/v1\/wp-json\/wp\/v2\/comments?post=4099"}],"version-history":[{"count":0,"href":"https:\/\/www.saloanoticias.com\/v1\/wp-json\/wp\/v2\/posts\/4099\/revisions"}],"wp:attachment":[{"href":"https:\/\/www.saloanoticias.com\/v1\/wp-json\/wp\/v2\/media?parent=4099"}],"wp:term":[{"taxonomy":"category","embeddable":true,"href":"https:\/\/www.saloanoticias.com\/v1\/wp-json\/wp\/v2\/categories?post=4099"},{"taxonomy":"post_tag","embeddable":true,"href":"https:\/\/www.saloanoticias.com\/v1\/wp-json\/wp\/v2\/tags?post=4099"}],"curies":[{"name":"wp","href":"https:\/\/api.w.org\/{rel}","templated":true}]}}