{"id":4098,"date":"2018-06-20T13:00:00","date_gmt":"2018-06-20T13:00:00","guid":{"rendered":"https:\/\/saloanoticias.mrmediaweb.com\/v1\/2018\/06\/20\/prefeitura-continua-recuperando-estradas\/"},"modified":"2018-06-20T13:00:00","modified_gmt":"2018-06-20T13:00:00","slug":"prefeitura-continua-recuperando-estradas","status":"publish","type":"post","link":"https:\/\/www.saloanoticias.com\/v1\/prefeitura-continua-recuperando-estradas\/","title":{"rendered":"PREFEITURA CONTINUA RECUPERANDO AS ESTRADAS DE SALO\u00c1"},"content":{"rendered":"<p align=\"justify\"><font size=\"3\" face=\"Arial\"><a href=\"http:\/\/www.saloanoticias.com\/images\/foto-site-13.jpg\"><img loading=\"lazy\" decoding=\"async\" title=\"Foto Site (13)\" style=\"border-top: 0px; border-right: 0px; background-image: none; border-bottom: 0px; float: none; padding-top: 0px; padding-left: 0px; margin: 0px auto 10px; border-left: 0px; display: block; padding-right: 0px\" border=\"0\" alt=\"Foto Site (13)\" src=\"http:\/\/www.saloanoticias.com\/v1\/wp-content\/uploads\/imagens\/foto-site-13_thumb.jpg\" width=\"1470\" height=\"1103\"><\/a>Em meio as festividades juninas do munic\u00edpio, a Prefeitura de Salo\u00e1\/PE, atrav\u00e9s da Secret\u00e1ria de Infraestrutura e Servi\u00e7os P\u00fablicos, v\u00eam recuperando todas as estradas. J\u00e1 foram recuperadas as vias que ligam Salo\u00e1 ao Manoel Ferreira, Serrinha da Prata e Maciel. <\/font><font size=\"3\" face=\"Arial\">Segundo o Secret\u00e1rio Maruim, durante essa semana e as pr\u00f3ximas, ser\u00e3o recuperadas as estradas que ligam a sede ao Catimbau, Iatec\u00e1 e Sta. Tereza. Lembra que foram priorizadas inicialmente as que estavam em estado mais cr\u00edtico, disse o secret\u00e1rio. <strong><font size=\"2\">Fonte: Ascom de Salo\u00e1<\/font><\/strong><\/font><\/p>\n<div style=\"margin-top: 0px; margin-bottom: 0px;\" class=\"sharethis-inline-share-buttons\" ><\/div>","protected":false},"excerpt":{"rendered":"<p>Em meio as festividades juninas do munic\u00edpio, a Prefeitura de Salo\u00e1\/PE, atrav\u00e9s da Secret\u00e1ria de Infraestrutura e Servi\u00e7os P\u00fablicos, v\u00eam recuperando todas as estradas. J\u00e1 foram recuperadas as vias que ligam Salo\u00e1 ao Manoel Ferreira, Serrinha da Prata e Maciel. Segundo o Secret\u00e1rio Maruim, durante essa semana e as pr\u00f3ximas, ser\u00e3o recuperadas as estradas que [&hellip;]<\/p>\n","protected":false},"author":1,"featured_media":0,"comment_status":"open","ping_status":"open","sticky":false,"template":"","format":"standard","meta":{"footnotes":""},"categories":[2],"tags":[],"class_list":["post-4098","post","type-post","status-publish","format-standard","hentry","category-noticias-do-dia"],"_links":{"self":[{"href":"https:\/\/www.saloanoticias.com\/v1\/wp-json\/wp\/v2\/posts\/4098","targetHints":{"allow":["GET"]}}],"collection":[{"href":"https:\/\/www.saloanoticias.com\/v1\/wp-json\/wp\/v2\/posts"}],"about":[{"href":"https:\/\/www.saloanoticias.com\/v1\/wp-json\/wp\/v2\/types\/post"}],"author":[{"embeddable":true,"href":"https:\/\/www.saloanoticias.com\/v1\/wp-json\/wp\/v2\/users\/1"}],"replies":[{"embeddable":true,"href":"https:\/\/www.saloanoticias.com\/v1\/wp-json\/wp\/v2\/comments?post=4098"}],"version-history":[{"count":0,"href":"https:\/\/www.saloanoticias.com\/v1\/wp-json\/wp\/v2\/posts\/4098\/revisions"}],"wp:attachment":[{"href":"https:\/\/www.saloanoticias.com\/v1\/wp-json\/wp\/v2\/media?parent=4098"}],"wp:term":[{"taxonomy":"category","embeddable":true,"href":"https:\/\/www.saloanoticias.com\/v1\/wp-json\/wp\/v2\/categories?post=4098"},{"taxonomy":"post_tag","embeddable":true,"href":"https:\/\/www.saloanoticias.com\/v1\/wp-json\/wp\/v2\/tags?post=4098"}],"curies":[{"name":"wp","href":"https:\/\/api.w.org\/{rel}","templated":true}]}}