{"id":4097,"date":"2018-06-18T12:47:00","date_gmt":"2018-06-18T12:47:00","guid":{"rendered":"https:\/\/saloanoticias.mrmediaweb.com\/v1\/2018\/06\/18\/prefeito-de-saloa-inaugura-quadra-poliesportiva-da-serrinha-da-prata\/"},"modified":"2018-06-18T12:47:00","modified_gmt":"2018-06-18T12:47:00","slug":"prefeito-de-saloa-inaugura-quadra-poliesportiva-da-serrinha-da-prata","status":"publish","type":"post","link":"https:\/\/www.saloanoticias.com\/v1\/prefeito-de-saloa-inaugura-quadra-poliesportiva-da-serrinha-da-prata\/","title":{"rendered":"PREFEITO DE SALO\u00c1\/PE INAUGURA QUADRA POLIESPORTIVA DA SERRINHA DA PRATA"},"content":{"rendered":"<p align=\"justify\"><font size=\"3\" face=\"Arial\"><a href=\"http:\/\/www.saloanoticias.com\/images\/35521315_176614766349099_5725243791284109312_n.jpg\"><img loading=\"lazy\" decoding=\"async\" title=\"35521315_176614766349099_5725243791284109312_n\" style=\"border-top: 0px; border-right: 0px; background-image: none; border-bottom: 0px; float: none; padding-top: 0px; padding-left: 0px; margin: 0px auto 10px; border-left: 0px; display: block; padding-right: 0px\" border=\"0\" alt=\"35521315_176614766349099_5725243791284109312_n\" src=\"http:\/\/www.saloanoticias.com\/v1\/wp-content\/uploads\/imagens\/35521315_176614766349099_5725243791284109312_n_thumb.jpg\" width=\"1444\" height=\"1059\"><\/a>Aconteceu na noite deste domingo, dia 17 de junho a inaugura\u00e7\u00e3o da quadra poliesportiva da Serrinha da Prata, zona rural do Munic\u00edpio. Centenas de pessoas prestigiaram este momento t\u00e3o importante para os moradores daquela localidade, j\u00e1 que eles esperaram por v\u00e1rias anos a conclus\u00e3o da obra. Estiveram presentes muitas autoridades, acompanhando o gestor municipal, Ricardo Alves. O corte da fita inaugural aconteceu por volta das 21h.<\/font><\/p>\n<p align=\"justify\"><a href=\"http:\/\/www.saloanoticias.com\/images\/35511044_176614409682468_2042000097318797312_n.jpg\"><img loading=\"lazy\" decoding=\"async\" title=\"35511044_176614409682468_2042000097318797312_n\" style=\"border-top: 0px; border-right: 0px; background-image: none; border-bottom: 0px; float: none; padding-top: 0px; padding-left: 0px; margin-left: auto; border-left: 0px; display: block; padding-right: 0px; margin-right: auto\" border=\"0\" alt=\"35511044_176614409682468_2042000097318797312_n\" src=\"http:\/\/www.saloanoticias.com\/v1\/wp-content\/uploads\/imagens\/35511044_176614409682468_2042000097318797312_n_thumb.jpg\" width=\"1441\" height=\"937\"><\/a><\/p>\n<p align=\"justify\"><font size=\"3\" face=\"Arial\">Na mesma oportunidade aconteceu a primeira festa nas depend\u00eancias da quadra, quando as bandas Forr\u00f3 dos Treze e Forr\u00f3 de Verdade levaram muita anima\u00e7\u00e3o para os que ali estavam presentes, sendo uma extens\u00e3o do S\u00e3o Jo\u00e3o da Uni\u00e3o neste ano de 2018. O prefeito estava visivelmente feliz em poder entregar aquele espa\u00e7o de lazer e cultura para os serrinhenses, j\u00e1 que era uma reinvindica\u00e7\u00e3o dos jovens que utilizar\u00e3o a quadra para a pr\u00e1tica esportiva e outras finalidades.<\/font><\/p>\n<p align=\"justify\"><a href=\"http:\/\/www.saloanoticias.com\/images\/35472318_176614443015798_817745598311563264_n.jpg\"><img loading=\"lazy\" decoding=\"async\" title=\"35472318_176614443015798_817745598311563264_n\" style=\"border-top: 0px; border-right: 0px; background-image: none; border-bottom: 0px; float: none; padding-top: 0px; padding-left: 0px; margin-left: auto; border-left: 0px; display: block; padding-right: 0px; margin-right: auto\" border=\"0\" alt=\"35472318_176614443015798_817745598311563264_n\" src=\"http:\/\/www.saloanoticias.com\/v1\/wp-content\/uploads\/imagens\/35472318_176614443015798_817745598311563264_n_thumb.jpg\" width=\"1443\" height=\"854\"><\/a><\/p>\n<p align=\"justify\"><font size=\"3\" face=\"Arial\">Todas as pessoas que viram a obra ficaram impressionadas com a beleza da estrutura que servir\u00e1 tamb\u00e9m para os moradores dos s\u00edtios circunvizinhos. \u201cEste \u00e9 mais um legado do meu governo, que ficar\u00e1 como um marco para o povo da nossa querida Serrinha da Prata\u201d, disse Ricardo. O gestor disse ainda que encaminhar\u00e1 um projeto de indica\u00e7\u00e3o para a C\u00e2mara dos Vereadores denominando o nome da quadra de Jo\u00e3o Martins, ex-vereador de Salo\u00e1. Estiveram presentes os vereadores Tisley Vicente, Jr. de Rivaldo, Eduardo de Ant\u00f4nio Dentista e Ronaldinho Birunda. <strong><font size=\"2\">Fotos: Gilberto Silva (Bui\u00fa)<\/font><\/strong><\/font><\/p>\n<div style=\"margin-top: 0px; margin-bottom: 0px;\" class=\"sharethis-inline-share-buttons\" ><\/div>","protected":false},"excerpt":{"rendered":"<p>Aconteceu na noite deste domingo, dia 17 de junho a inaugura\u00e7\u00e3o da quadra poliesportiva da Serrinha da Prata, zona rural do Munic\u00edpio. Centenas de pessoas prestigiaram este momento t\u00e3o importante para os moradores daquela localidade, j\u00e1 que eles esperaram por v\u00e1rias anos a conclus\u00e3o da obra. Estiveram presentes muitas autoridades, acompanhando o gestor municipal, Ricardo [&hellip;]<\/p>\n","protected":false},"author":1,"featured_media":0,"comment_status":"open","ping_status":"open","sticky":false,"template":"","format":"standard","meta":{"footnotes":""},"categories":[2],"tags":[],"class_list":["post-4097","post","type-post","status-publish","format-standard","hentry","category-noticias-do-dia"],"_links":{"self":[{"href":"https:\/\/www.saloanoticias.com\/v1\/wp-json\/wp\/v2\/posts\/4097","targetHints":{"allow":["GET"]}}],"collection":[{"href":"https:\/\/www.saloanoticias.com\/v1\/wp-json\/wp\/v2\/posts"}],"about":[{"href":"https:\/\/www.saloanoticias.com\/v1\/wp-json\/wp\/v2\/types\/post"}],"author":[{"embeddable":true,"href":"https:\/\/www.saloanoticias.com\/v1\/wp-json\/wp\/v2\/users\/1"}],"replies":[{"embeddable":true,"href":"https:\/\/www.saloanoticias.com\/v1\/wp-json\/wp\/v2\/comments?post=4097"}],"version-history":[{"count":0,"href":"https:\/\/www.saloanoticias.com\/v1\/wp-json\/wp\/v2\/posts\/4097\/revisions"}],"wp:attachment":[{"href":"https:\/\/www.saloanoticias.com\/v1\/wp-json\/wp\/v2\/media?parent=4097"}],"wp:term":[{"taxonomy":"category","embeddable":true,"href":"https:\/\/www.saloanoticias.com\/v1\/wp-json\/wp\/v2\/categories?post=4097"},{"taxonomy":"post_tag","embeddable":true,"href":"https:\/\/www.saloanoticias.com\/v1\/wp-json\/wp\/v2\/tags?post=4097"}],"curies":[{"name":"wp","href":"https:\/\/api.w.org\/{rel}","templated":true}]}}