{"id":4096,"date":"2018-06-17T15:56:00","date_gmt":"2018-06-17T15:56:00","guid":{"rendered":"https:\/\/saloanoticias.mrmediaweb.com\/v1\/2018\/06\/17\/hoje-o-arrasta-pe-e-na-serrinha-da-prata\/"},"modified":"2018-06-17T15:56:00","modified_gmt":"2018-06-17T15:56:00","slug":"hoje-o-arrasta-pe-e-na-serrinha-da-prata","status":"publish","type":"post","link":"https:\/\/www.saloanoticias.com\/v1\/hoje-o-arrasta-pe-e-na-serrinha-da-prata\/","title":{"rendered":"O S\u00c3O JO\u00c3O DA UNI\u00c3O HOJE \u00c9 NA SERRINHA DA PRATA"},"content":{"rendered":"<p align=\"justify\"><font size=\"3\" face=\"Arial\"><a href=\"http:\/\/www.saloanoticias.com\/images\/serrinha-da-prata_258075204fa243cb19f1fcc4c94aeb5e.jpg\"><img loading=\"lazy\" decoding=\"async\" title=\"Serrinha da Prata\" style=\"border-top: 0px; border-right: 0px; background-image: none; border-bottom: 0px; float: left; padding-top: 0px; padding-left: 0px; margin: 5px 5px 0px 0px; border-left: 0px; display: inline; padding-right: 0px\" border=\"0\" alt=\"Serrinha da Prata\" src=\"http:\/\/www.saloanoticias.com\/v1\/wp-content\/uploads\/imagens\/serrinha-da-prata_thumb_26ab05203ee0c895cce76c1c2056f1dd.jpg\" width=\"344\" align=\"left\" height=\"258\"><\/a>A Prefeitura de Salo\u00e1\/PE continua hoje (17\/06) com a programa\u00e7\u00e3o dos festejos juninos neste ano de 2018 com as bandas Forr\u00f3 dos Treze e Forr\u00f3 de Verdade. As bandas estar\u00e3o se apresentando no Povoado Serrinha da Prata e devem promover uma linda festa. Uma grande estrutura de palco, som, ilumina\u00e7\u00e3o e seguran\u00e7a foi montada pelo Governo Municipal para receber um grande p\u00fablico. A expectativa \u00e9 que caravanas de todas as partes da regi\u00e3o estejam na Serrinha para prestigiar o evento.<\/font><\/p>\n<p align=\"justify\"><font size=\"3\" face=\"Arial\">\u201cCom mais esta localidade, o Prefeito Ricardo demonstra que est\u00e1 preocupado com a juventude da cidade, descentralizando a programa\u00e7\u00e3o e trazendo sempre boas atra\u00e7\u00f5es, dando mais conforto e lazer para a popula\u00e7\u00e3o\u201d de todas as partes do Munic\u00edpio. O S\u00e3o Jo\u00e3o da Uni\u00e3o em Salo\u00e1\/PE j\u00e1 est\u00e1 entre os melhores do Estado de Pernambuco, sempre apresentando boas bandas e com um hist\u00f3rico muito bom de anima\u00e7\u00e3o e seguran\u00e7a. Forr\u00f3 dos Treze e Forr\u00f3 de Verdade <\/font><font size=\"3\" face=\"Arial\">incrementar\u00e3o ainda mais a programa\u00e7\u00e3o dessa que j\u00e1 \u00e9 considerada \u201cuma maiores festas do Agreste Meridional\u201d.<\/font><\/p>\n<div style=\"margin-top: 0px; margin-bottom: 0px;\" class=\"sharethis-inline-share-buttons\" ><\/div>","protected":false},"excerpt":{"rendered":"<p>A Prefeitura de Salo\u00e1\/PE continua hoje (17\/06) com a programa\u00e7\u00e3o dos festejos juninos neste ano de 2018 com as bandas Forr\u00f3 dos Treze e Forr\u00f3 de Verdade. As bandas estar\u00e3o se apresentando no Povoado Serrinha da Prata e devem promover uma linda festa. Uma grande estrutura de palco, som, ilumina\u00e7\u00e3o e seguran\u00e7a foi montada pelo [&hellip;]<\/p>\n","protected":false},"author":1,"featured_media":0,"comment_status":"open","ping_status":"open","sticky":false,"template":"","format":"standard","meta":{"footnotes":""},"categories":[2],"tags":[],"class_list":["post-4096","post","type-post","status-publish","format-standard","hentry","category-noticias-do-dia"],"_links":{"self":[{"href":"https:\/\/www.saloanoticias.com\/v1\/wp-json\/wp\/v2\/posts\/4096","targetHints":{"allow":["GET"]}}],"collection":[{"href":"https:\/\/www.saloanoticias.com\/v1\/wp-json\/wp\/v2\/posts"}],"about":[{"href":"https:\/\/www.saloanoticias.com\/v1\/wp-json\/wp\/v2\/types\/post"}],"author":[{"embeddable":true,"href":"https:\/\/www.saloanoticias.com\/v1\/wp-json\/wp\/v2\/users\/1"}],"replies":[{"embeddable":true,"href":"https:\/\/www.saloanoticias.com\/v1\/wp-json\/wp\/v2\/comments?post=4096"}],"version-history":[{"count":0,"href":"https:\/\/www.saloanoticias.com\/v1\/wp-json\/wp\/v2\/posts\/4096\/revisions"}],"wp:attachment":[{"href":"https:\/\/www.saloanoticias.com\/v1\/wp-json\/wp\/v2\/media?parent=4096"}],"wp:term":[{"taxonomy":"category","embeddable":true,"href":"https:\/\/www.saloanoticias.com\/v1\/wp-json\/wp\/v2\/categories?post=4096"},{"taxonomy":"post_tag","embeddable":true,"href":"https:\/\/www.saloanoticias.com\/v1\/wp-json\/wp\/v2\/tags?post=4096"}],"curies":[{"name":"wp","href":"https:\/\/api.w.org\/{rel}","templated":true}]}}