{"id":4095,"date":"2018-06-17T00:39:00","date_gmt":"2018-06-17T00:39:00","guid":{"rendered":"https:\/\/saloanoticias.mrmediaweb.com\/v1\/2018\/06\/17\/v-link-inaugura-novo-escritorio-em-bom-conselho\/"},"modified":"2018-07-17T15:42:27","modified_gmt":"2018-07-17T15:42:27","slug":"v-link-inaugura-novo-escritorio-em-bom-conselho","status":"publish","type":"post","link":"https:\/\/www.saloanoticias.com\/v1\/v-link-inaugura-novo-escritorio-em-bom-conselho\/","title":{"rendered":"\u201cV LINK\u201d INAUGURA NOVO ESCRIT\u00d3RIO NA CIDADE DE BOM CONSELHO\/PE"},"content":{"rendered":"<p align=\"justify\"><span style=\"font-family: Arial; font-size: medium;\"><a href=\"http:\/\/www.saloanoticias.com\/images\/whatsapp-image-2018-06-12-at-20.57.59-2.jpg\"><img loading=\"lazy\" decoding=\"async\" class=\"\" style=\"background-image: none; float: none; padding-top: 0px; padding-left: 0px; margin: 0px auto 10px; display: block; padding-right: 0px; border: 0px;\" title=\"WhatsApp Image 2018-06-12 at 20.57.59 (2)\" src=\"http:\/\/www.saloanoticias.com\/v1\/wp-content\/uploads\/imagens\/whatsapp-image-2018-06-12-at-20.57.59-2_thumb.jpg\" alt=\"WhatsApp Image 2018-06-12 at 20.57.59 (2)\" width=\"696\" height=\"696\" border=\"0\" \/><\/a>A V-Link Internet Fibra, inaugurou seu novo escrit\u00f3rio de atendimento na manh\u00e3 desta quarta-feira (13) na cidade de Bom Conselho. Foram feitos grandes investimentos e ajustes para celebrar este momento t\u00e3o importante na exist\u00eancia desta empresa que prima pela qualidade por excel\u00eancia e procura oferecer aos seus clientes o que h\u00e1 de mais moderno em se tratando de servi\u00e7os de internet banda larga com a mais avan\u00e7ada tecnologia em fibra \u00f3ptica da atualidade.<\/span><\/p>\n<p align=\"justify\"><a href=\"http:\/\/www.saloanoticias.com\/images\/whatsapp-image-2018-06-12-at-20.57.59-1.jpg\"><img loading=\"lazy\" decoding=\"async\" class=\"\" style=\"background-image: none; float: none; padding-top: 0px; padding-left: 0px; margin-left: auto; display: block; padding-right: 0px; margin-right: auto; border: 0px;\" title=\"WhatsApp Image 2018-06-12 at 20.57.59 (1)\" src=\"http:\/\/www.saloanoticias.com\/v1\/wp-content\/uploads\/imagens\/whatsapp-image-2018-06-12-at-20.57.59-1_thumb.jpg\" alt=\"WhatsApp Image 2018-06-12 at 20.57.59 (1)\" width=\"796\" height=\"796\" border=\"0\" \/><\/a><\/p>\n<p align=\"justify\"><span style=\"font-family: Arial; font-size: medium;\">Pensando sempre no bem estar dos seus clientes e na conquista de muitos outros, \u00e9 que o grupo Sundown Park, propriet\u00e1rio da V-Link n\u00e3o est\u00e1 medindo esfor\u00e7os para alcan\u00e7ar a prefer\u00eancia dos usu\u00e1rios de internet da regi\u00e3o de Bom conselho e do agreste meridional. <\/span><span style=\"font-family: Arial; font-size: medium;\">O novo escrit\u00f3rio localiza-se na rua 13 de maio, n.\u00ba 05 por tr\u00e1s do banco Santander no centro de Bom Conselho\/PE. Bonito, moderno e confort\u00e1vel, com um atendimento compat\u00edvel \u00e0s qualidades que s\u00f3 a V-Link proporciona. V-Link Fibra Provedor de Internet, mais um empreendimento do Grupo Sundown Park e proporcionando aos bonconselhenses a oportunidade de se conectar com o mundo !<\/span><\/p>\n<p align=\"justify\"><a href=\"http:\/\/www.saloanoticias.com\/images\/whatsapp-image-2018-06-12-at-20.57.59.jpg\"><img loading=\"lazy\" decoding=\"async\" class=\"\" style=\"background-image: none; float: none; padding-top: 0px; padding-left: 0px; margin-left: auto; display: block; padding-right: 0px; margin-right: auto; border: 0px;\" title=\"WhatsApp Image 2018-06-12 at 20.57.59\" src=\"http:\/\/www.saloanoticias.com\/v1\/wp-content\/uploads\/imagens\/whatsapp-image-2018-06-12-at-20.57.59_thumb.jpg\" alt=\"WhatsApp Image 2018-06-12 at 20.57.59\" width=\"796\" height=\"796\" border=\"0\" \/><\/a><\/p>\n<div style=\"margin-top: 0px; margin-bottom: 0px;\" class=\"sharethis-inline-share-buttons\" ><\/div>","protected":false},"excerpt":{"rendered":"<p>A V-Link Internet Fibra, inaugurou seu novo escrit\u00f3rio de atendimento na manh\u00e3 desta quarta-feira (13) na cidade de Bom Conselho. Foram feitos grandes investimentos e ajustes para celebrar este momento t\u00e3o importante na exist\u00eancia desta empresa que prima pela qualidade por excel\u00eancia e procura oferecer aos seus clientes o que h\u00e1 de mais moderno em [&hellip;]<\/p>\n","protected":false},"author":1,"featured_media":0,"comment_status":"open","ping_status":"open","sticky":false,"template":"","format":"standard","meta":{"footnotes":""},"categories":[2],"tags":[],"class_list":["post-4095","post","type-post","status-publish","format-standard","hentry","category-noticias-do-dia"],"_links":{"self":[{"href":"https:\/\/www.saloanoticias.com\/v1\/wp-json\/wp\/v2\/posts\/4095","targetHints":{"allow":["GET"]}}],"collection":[{"href":"https:\/\/www.saloanoticias.com\/v1\/wp-json\/wp\/v2\/posts"}],"about":[{"href":"https:\/\/www.saloanoticias.com\/v1\/wp-json\/wp\/v2\/types\/post"}],"author":[{"embeddable":true,"href":"https:\/\/www.saloanoticias.com\/v1\/wp-json\/wp\/v2\/users\/1"}],"replies":[{"embeddable":true,"href":"https:\/\/www.saloanoticias.com\/v1\/wp-json\/wp\/v2\/comments?post=4095"}],"version-history":[{"count":3,"href":"https:\/\/www.saloanoticias.com\/v1\/wp-json\/wp\/v2\/posts\/4095\/revisions"}],"predecessor-version":[{"id":4212,"href":"https:\/\/www.saloanoticias.com\/v1\/wp-json\/wp\/v2\/posts\/4095\/revisions\/4212"}],"wp:attachment":[{"href":"https:\/\/www.saloanoticias.com\/v1\/wp-json\/wp\/v2\/media?parent=4095"}],"wp:term":[{"taxonomy":"category","embeddable":true,"href":"https:\/\/www.saloanoticias.com\/v1\/wp-json\/wp\/v2\/categories?post=4095"},{"taxonomy":"post_tag","embeddable":true,"href":"https:\/\/www.saloanoticias.com\/v1\/wp-json\/wp\/v2\/tags?post=4095"}],"curies":[{"name":"wp","href":"https:\/\/api.w.org\/{rel}","templated":true}]}}