{"id":4094,"date":"2018-06-16T14:41:00","date_gmt":"2018-06-16T14:41:00","guid":{"rendered":"https:\/\/saloanoticias.mrmediaweb.com\/v1\/2018\/06\/16\/homem-e-assassinado-em-saloa\/"},"modified":"2018-06-16T14:41:00","modified_gmt":"2018-06-16T14:41:00","slug":"homem-e-assassinado-em-saloa","status":"publish","type":"post","link":"https:\/\/www.saloanoticias.com\/v1\/homem-e-assassinado-em-saloa\/","title":{"rendered":"HOMEM FOI ASSASSINADO EM SALO\u00c1\/PE NA MANH\u00c3 DESTE S\u00c1BADO (16\/06)"},"content":{"rendered":"<p align=\"justify\"><font size=\"3\" face=\"Arial\"><a href=\"http:\/\/www.saloanoticias.com\/images\/whatsapp-image-2018-06-16-at-09.56.28_477e208454e868c125c1cab855ac848a.jpg\"><img loading=\"lazy\" decoding=\"async\" title=\"WhatsApp Image 2018-06-16 at 09.56.28\" style=\"border-top: 0px; border-right: 0px; background-image: none; border-bottom: 0px; float: left; padding-top: 0px; padding-left: 0px; margin: 5px 5px 0px 0px; border-left: 0px; display: inline; padding-right: 0px\" border=\"0\" alt=\"WhatsApp Image 2018-06-16 at 09.56.28\" src=\"http:\/\/www.saloanoticias.com\/v1\/wp-content\/uploads\/imagens\/whatsapp-image-2018-06-16-at-09.56.28_thumb_7f330c7e50a3f3c15cf722a2b2b31067.jpg\" width=\"200\" align=\"left\" height=\"224\"><\/a>Um homem conhecido como Jos\u00e9 Andr\u00e9 da Silva, vulgo Pitib\u00fa, de 26 anos, natural de Salo\u00e1, foi assassinado na manh\u00e3 deste s\u00e1bado, dia 16 de junho de 2018, v\u00edtima de arma branca. Segundo testemunhas que moram nas proximidades do local do fato, disseram que ouvia-se barulhos por volta das 5 horas da manh\u00e3. Pr\u00f3ximo de 5:30h, populares viram a v\u00edtima no ch\u00e3o j\u00e1 se vida. A pol\u00edcia j\u00e1 sabe que Pitib\u00fa morava na casa de um pessoa chamada Juarez (Cot\u00f3), e que trabalhavam juntos. <\/font><font size=\"3\" face=\"Arial\">Populares comentam que Jos\u00e9 Andr\u00e9 tamb\u00e9m era usu\u00e1rio de tiner e pr\u00f3ximo ao corpo havia uma garrafa com essa droga, que aparentava ser de tiner. As informa\u00e7\u00f5es d\u00e3o conta ainda que ele estava embriagado. Depois do fato o IML foi acionado e recolheu o corpo que foi encaminhado para Caruaru, onde ser\u00e1 realizado o exame cadav\u00e9rico.<\/font><\/p>\n<p align=\"justify\"><a href=\"http:\/\/www.saloanoticias.com\/images\/whatsapp-image-2018-06-16-at-09.35.57.jpg\"><img loading=\"lazy\" decoding=\"async\" title=\"WhatsApp Image 2018-06-16 at 09.35.57\" style=\"border-top: 0px; border-right: 0px; background-image: none; border-bottom: 0px; float: none; padding-top: 0px; padding-left: 0px; margin-left: auto; border-left: 0px; display: block; padding-right: 0px; margin-right: auto\" border=\"0\" alt=\"WhatsApp Image 2018-06-16 at 09.35.57\" src=\"http:\/\/www.saloanoticias.com\/v1\/wp-content\/uploads\/imagens\/whatsapp-image-2018-06-16-at-09.35.57_thumb.jpg\" width=\"1264\" height=\"1170\"><\/a><\/p>\n<p><a href=\"http:\/\/www.saloanoticias.com\/images\/whatsapp-image-2018-06-16-at-11.23.36.jpg\"><img loading=\"lazy\" decoding=\"async\" title=\"WhatsApp Image 2018-06-16 at 11.23.36\" style=\"border-top: 0px; border-right: 0px; background-image: none; border-bottom: 0px; float: none; padding-top: 0px; padding-left: 0px; margin-left: auto; border-left: 0px; display: block; padding-right: 0px; margin-right: auto\" border=\"0\" alt=\"WhatsApp Image 2018-06-16 at 11.23.36\" src=\"http:\/\/www.saloanoticias.com\/v1\/wp-content\/uploads\/imagens\/whatsapp-image-2018-06-16-at-11.23.36_thumb.jpg\" width=\"1454\" height=\"1919\"><\/a><\/p>\n<div style=\"margin-top: 0px; margin-bottom: 0px;\" class=\"sharethis-inline-share-buttons\" ><\/div>","protected":false},"excerpt":{"rendered":"<p>Um homem conhecido como Jos\u00e9 Andr\u00e9 da Silva, vulgo Pitib\u00fa, de 26 anos, natural de Salo\u00e1, foi assassinado na manh\u00e3 deste s\u00e1bado, dia 16 de junho de 2018, v\u00edtima de arma branca. Segundo testemunhas que moram nas proximidades do local do fato, disseram que ouvia-se barulhos por volta das 5 horas da manh\u00e3. Pr\u00f3ximo de [&hellip;]<\/p>\n","protected":false},"author":1,"featured_media":0,"comment_status":"open","ping_status":"open","sticky":false,"template":"","format":"standard","meta":{"footnotes":""},"categories":[2],"tags":[],"class_list":["post-4094","post","type-post","status-publish","format-standard","hentry","category-noticias-do-dia"],"_links":{"self":[{"href":"https:\/\/www.saloanoticias.com\/v1\/wp-json\/wp\/v2\/posts\/4094","targetHints":{"allow":["GET"]}}],"collection":[{"href":"https:\/\/www.saloanoticias.com\/v1\/wp-json\/wp\/v2\/posts"}],"about":[{"href":"https:\/\/www.saloanoticias.com\/v1\/wp-json\/wp\/v2\/types\/post"}],"author":[{"embeddable":true,"href":"https:\/\/www.saloanoticias.com\/v1\/wp-json\/wp\/v2\/users\/1"}],"replies":[{"embeddable":true,"href":"https:\/\/www.saloanoticias.com\/v1\/wp-json\/wp\/v2\/comments?post=4094"}],"version-history":[{"count":0,"href":"https:\/\/www.saloanoticias.com\/v1\/wp-json\/wp\/v2\/posts\/4094\/revisions"}],"wp:attachment":[{"href":"https:\/\/www.saloanoticias.com\/v1\/wp-json\/wp\/v2\/media?parent=4094"}],"wp:term":[{"taxonomy":"category","embeddable":true,"href":"https:\/\/www.saloanoticias.com\/v1\/wp-json\/wp\/v2\/categories?post=4094"},{"taxonomy":"post_tag","embeddable":true,"href":"https:\/\/www.saloanoticias.com\/v1\/wp-json\/wp\/v2\/tags?post=4094"}],"curies":[{"name":"wp","href":"https:\/\/api.w.org\/{rel}","templated":true}]}}