{"id":4093,"date":"2018-06-16T13:15:00","date_gmt":"2018-06-16T13:15:00","guid":{"rendered":"https:\/\/saloanoticias.mrmediaweb.com\/v1\/2018\/06\/16\/eduardo-miguel-asssume-a-presidencia-da-junina-dona-dita\/"},"modified":"2018-06-16T13:15:00","modified_gmt":"2018-06-16T13:15:00","slug":"eduardo-miguel-asssume-a-presidencia-da-junina-dona-dita","status":"publish","type":"post","link":"https:\/\/www.saloanoticias.com\/v1\/eduardo-miguel-asssume-a-presidencia-da-junina-dona-dita\/","title":{"rendered":"EDUARDO MIGUEL ASSSUME A PRESID\u00caNCIA DA JUNINA DONA DITA"},"content":{"rendered":"<p align=\"justify\"><font size=\"3\" face=\"Arial\"><a href=\"http:\/\/www.saloanoticias.com\/images\/whatsapp-image-2018-06-16-at-08.30.29_d17b9133b1eb08b579df6b5f89a49be8.jpg\"><img loading=\"lazy\" decoding=\"async\" title=\"WhatsApp Image 2018-06-16 at 08.30.29\" style=\"border-top: 0px; border-right: 0px; background-image: none; border-bottom: 0px; float: left; padding-top: 0px; padding-left: 0px; margin: 5px 5px 0px 0px; border-left: 0px; display: inline; padding-right: 0px\" border=\"0\" alt=\"WhatsApp Image 2018-06-16 at 08.30.29\" src=\"http:\/\/www.saloanoticias.com\/v1\/wp-content\/uploads\/imagens\/whatsapp-image-2018-06-16-at-08.30.29_thumb_f19037bd13b6dcafa5f3bd25a296aa20.jpg\" width=\"254\" align=\"left\" height=\"258\"><\/a>Um Jovem de 16 anos mas com uma busca incans\u00e1vel pela valoriza\u00e7\u00e3o e reconhecimento da junina Dona Dita fundada em 2014, assumiu a presid\u00eancia do grupo em mar\u00e7o deste ano, dando uma nova roupagem. Formou sua equipe de cinco diretores para que juntos elevem o nome da cultura de Salo\u00e1. Hoje a Junina conta com 56 pessoas entre dan\u00e7arinos e produ\u00e7\u00e3o, pessoas criativas, dedicadas, dispon\u00edveis, com foco na excel\u00eancia em suas fun\u00e7\u00f5es, para isto a capacita\u00e7\u00e3o profissional \u00e9 primordial, pois j\u00e1 s\u00e3os reconhecidos entre as cinco melhores do agreste.<\/font><\/p>\n<p align=\"justify\"><font size=\"3\" face=\"Arial\">Os jovens est\u00e3o trabalhando desde o m\u00eas de mar\u00e7o, primeiro realizando v\u00e1rias reuni\u00f5es administrativas para decidir alguns assuntos internos, em seguida a tem\u00e1tica do espet\u00e1culo 2018.&nbsp; Nasce uma nova gera\u00e7\u00e3o, com um novo olhar para a cultura, uma nova forma de liderar. \u201cSou muito grato aos meus amigos pela confian\u00e7a em mim depositada, agrade\u00e7o muito aos meus pais pelo incentivo e for\u00e7a, agrade\u00e7o aos pais dos dan\u00e7arinos e dan\u00e7arinas por acreditarem em nosso trabalho, seremos orgulho para eles,&nbsp; mas principalmente o agradecimento ao meu Deus que vem me dando for\u00e7as e equil\u00edbrio para liderar este grupo que \u00e9 nossa segunda fam\u00edlia, me tornando cada vez mais desafiador trabalhar com esta gera\u00e7\u00e3o, disse Eduardo Miguel.<\/font><\/p>\n<p align=\"justify\"><font size=\"3\" face=\"Arial\">Cada grupo junino possui caracter\u00edsticas que o diferenciam dos demais, para que possam se destacar aos olhos do p\u00fablico e dos jurados no momento de decis\u00e3o da melhor quadrilha. A competitividade est\u00e1 presente n\u00e3o somente nas Juninas, mas em qualquer organiza\u00e7\u00e3o que busca se diferenciar de outra. A Junina Dona Dita est\u00e1 escrita em 05 concursos e in\u00fameros convites, inclusive o FIG 2018, para mostrar o seu melhor, representando com excel\u00eancia a cidade, est\u00e3o com figurinos em fase final. O grupo realizou <\/font><font size=\"3\" face=\"Arial\">rifas, realizou festas, trouxeram cantores, e est\u00e3o na caminhada. N\u00e3o foi f\u00e1cil, mas conseguimos com o incentivo e apoio de verdadeiros amigos e amigas, disse Eduardo Miguel.<\/font><\/p>\n<div style=\"margin-top: 0px; margin-bottom: 0px;\" class=\"sharethis-inline-share-buttons\" ><\/div>","protected":false},"excerpt":{"rendered":"<p>Um Jovem de 16 anos mas com uma busca incans\u00e1vel pela valoriza\u00e7\u00e3o e reconhecimento da junina Dona Dita fundada em 2014, assumiu a presid\u00eancia do grupo em mar\u00e7o deste ano, dando uma nova roupagem. Formou sua equipe de cinco diretores para que juntos elevem o nome da cultura de Salo\u00e1. Hoje a Junina conta com [&hellip;]<\/p>\n","protected":false},"author":1,"featured_media":0,"comment_status":"open","ping_status":"open","sticky":false,"template":"","format":"standard","meta":{"footnotes":""},"categories":[2],"tags":[],"class_list":["post-4093","post","type-post","status-publish","format-standard","hentry","category-noticias-do-dia"],"_links":{"self":[{"href":"https:\/\/www.saloanoticias.com\/v1\/wp-json\/wp\/v2\/posts\/4093","targetHints":{"allow":["GET"]}}],"collection":[{"href":"https:\/\/www.saloanoticias.com\/v1\/wp-json\/wp\/v2\/posts"}],"about":[{"href":"https:\/\/www.saloanoticias.com\/v1\/wp-json\/wp\/v2\/types\/post"}],"author":[{"embeddable":true,"href":"https:\/\/www.saloanoticias.com\/v1\/wp-json\/wp\/v2\/users\/1"}],"replies":[{"embeddable":true,"href":"https:\/\/www.saloanoticias.com\/v1\/wp-json\/wp\/v2\/comments?post=4093"}],"version-history":[{"count":0,"href":"https:\/\/www.saloanoticias.com\/v1\/wp-json\/wp\/v2\/posts\/4093\/revisions"}],"wp:attachment":[{"href":"https:\/\/www.saloanoticias.com\/v1\/wp-json\/wp\/v2\/media?parent=4093"}],"wp:term":[{"taxonomy":"category","embeddable":true,"href":"https:\/\/www.saloanoticias.com\/v1\/wp-json\/wp\/v2\/categories?post=4093"},{"taxonomy":"post_tag","embeddable":true,"href":"https:\/\/www.saloanoticias.com\/v1\/wp-json\/wp\/v2\/tags?post=4093"}],"curies":[{"name":"wp","href":"https:\/\/api.w.org\/{rel}","templated":true}]}}