{"id":4092,"date":"2018-06-15T11:37:00","date_gmt":"2018-06-15T11:37:00","guid":{"rendered":"https:\/\/saloanoticias.mrmediaweb.com\/v1\/2018\/06\/15\/jorge-de-altinho-abre-o-sao-joao-hoje-na-cidade-de-saloa\/"},"modified":"2018-06-15T11:37:00","modified_gmt":"2018-06-15T11:37:00","slug":"jorge-de-altinho-abre-o-sao-joao-hoje-na-cidade-de-saloa","status":"publish","type":"post","link":"https:\/\/www.saloanoticias.com\/v1\/jorge-de-altinho-abre-o-sao-joao-hoje-na-cidade-de-saloa\/","title":{"rendered":"JORGE DE ALTINHO ABRE O S\u00c3O JO\u00c3O HOJE NA CIDADE DE SALO\u00c1"},"content":{"rendered":"<p align=\"justify\"><font size=\"3\" face=\"Arial\"><a href=\"http:\/\/www.saloanoticias.com\/images\/altinho_0052banner-1.jpg\"><img loading=\"lazy\" decoding=\"async\" title=\"altinho_0052banner-1\" style=\"border-top: 0px; border-right: 0px; background-image: none; border-bottom: 0px; float: none; padding-top: 0px; padding-left: 0px; margin: 0px auto 10px; border-left: 0px; display: block; padding-right: 0px\" border=\"0\" alt=\"altinho_0052banner-1\" src=\"http:\/\/www.saloanoticias.com\/v1\/wp-content\/uploads\/imagens\/altinho_0052banner-1_thumb.jpg\" width=\"1454\" height=\"879\"><\/a>A Prefeitura de Salo\u00e1, no Agreste de Pernambuco, inicia nesta sexta-feira (15) seus festejos juninos. Al\u00e9m dos shows musicais, a festa ter\u00e1 v\u00e1rias apresenta\u00e7\u00f5es de quadrilhas e barracas de comidas t\u00edpicas e contar\u00e1 com a grande Palho\u00e7a da Uni\u00e3o que fica na Pra\u00e7a S\u00e3o Vicente no centro da cidade. <\/font><font size=\"3\" face=\"Arial\">Em sua abertura nesta sexta, dois shows v\u00e3o animar o arrasta-p\u00e9: Forr\u00f3 Vumbora e a grande atra\u00e7\u00e3o da noite, o cantor pernambucano Jorge de Altinho que se apresenta pela primeira vez em Salo\u00e1.<\/font> <\/p>\n<p align=\"justify\"><a href=\"http:\/\/www.saloanoticias.com\/images\/35026620_1704220482976845_3671129884735832064_n.jpg\"><img loading=\"lazy\" decoding=\"async\" title=\"35026620_1704220482976845_3671129884735832064_n\" style=\"border-top: 0px; border-right: 0px; background-image: none; border-bottom: 0px; float: none; padding-top: 0px; padding-left: 0px; margin-left: auto; border-left: 0px; display: block; padding-right: 0px; margin-right: auto\" border=\"0\" alt=\"35026620_1704220482976845_3671129884735832064_n\" src=\"http:\/\/www.saloanoticias.com\/v1\/wp-content\/uploads\/imagens\/35026620_1704220482976845_3671129884735832064_n_thumb.jpg\" width=\"1448\" height=\"1381\"><\/a> <\/p>\n<p align=\"justify\"><font size=\"3\" face=\"Arial\">Ser\u00e3o 3 dias de festa em Salo\u00e1, e tamb\u00e9m 2 dias em alguns polos descentralizados no distrito de Iatec\u00e1 (Prata) e no Povoado Serrinha da Prata, que s\u00f3 terminam no dia 28 de junho, com shows de Forr\u00f3 Soxote\u00e1 e Jonas Esticado. <\/font><font size=\"3\" face=\"Arial\">O prefeito Ricardo Alves disse que mesmo com todas as dificuldades financeiras que passa as prefeitura do pa\u00eds, com as parcerias certas e vontade pol\u00edtica a festa vai ser realizada. \u201cAs pessoas sa\u00edam daqui no passado para outras cidades, para festejar o S\u00e3o Jo\u00e3o, mas agora n\u00e3o \u00e9 mais preciso.<\/font> <\/p>\n<p align=\"justify\"><font size=\"3\" face=\"Arial\">Est\u00e1 tudo muito bonito e convidamos todo mundo para vir participar desta grande festa, que \u00e9 o resgate cultural e das tradi\u00e7\u00f5es da nossa cidade. Salo\u00e1 espera todos de bra\u00e7os abertos\u201d, disse o Chefe do Executivo. <\/font><font size=\"3\" face=\"Arial\">Outros grandes nomes do forr\u00f3 tamb\u00e9m passar\u00e3o pelo Arrai\u00e1 da Uni\u00e3o: Forr\u00f3 de Verdade, Forr\u00f3 dos Treze, Alisson Levado, Irm\u00e3os Sertanejos, Forr\u00f3 da Vaqueirama, Chur\u00fa e Swing Moral. Tudo isso <\/font><font size=\"3\" face=\"Arial\">gratuitamente, com uma grande estrutura que oferece pra\u00e7a de alimenta\u00e7\u00e3o, apresenta\u00e7\u00f5es folcl\u00f3ricas, conforto, seguran\u00e7a e muita anima\u00e7\u00e3o para o p\u00fablico.<\/font><\/p>\n<div style=\"margin-top: 0px; margin-bottom: 0px;\" class=\"sharethis-inline-share-buttons\" ><\/div>","protected":false},"excerpt":{"rendered":"<p>A Prefeitura de Salo\u00e1, no Agreste de Pernambuco, inicia nesta sexta-feira (15) seus festejos juninos. Al\u00e9m dos shows musicais, a festa ter\u00e1 v\u00e1rias apresenta\u00e7\u00f5es de quadrilhas e barracas de comidas t\u00edpicas e contar\u00e1 com a grande Palho\u00e7a da Uni\u00e3o que fica na Pra\u00e7a S\u00e3o Vicente no centro da cidade. Em sua abertura nesta sexta, dois [&hellip;]<\/p>\n","protected":false},"author":1,"featured_media":0,"comment_status":"open","ping_status":"open","sticky":false,"template":"","format":"standard","meta":{"footnotes":""},"categories":[2],"tags":[],"class_list":["post-4092","post","type-post","status-publish","format-standard","hentry","category-noticias-do-dia"],"_links":{"self":[{"href":"https:\/\/www.saloanoticias.com\/v1\/wp-json\/wp\/v2\/posts\/4092","targetHints":{"allow":["GET"]}}],"collection":[{"href":"https:\/\/www.saloanoticias.com\/v1\/wp-json\/wp\/v2\/posts"}],"about":[{"href":"https:\/\/www.saloanoticias.com\/v1\/wp-json\/wp\/v2\/types\/post"}],"author":[{"embeddable":true,"href":"https:\/\/www.saloanoticias.com\/v1\/wp-json\/wp\/v2\/users\/1"}],"replies":[{"embeddable":true,"href":"https:\/\/www.saloanoticias.com\/v1\/wp-json\/wp\/v2\/comments?post=4092"}],"version-history":[{"count":0,"href":"https:\/\/www.saloanoticias.com\/v1\/wp-json\/wp\/v2\/posts\/4092\/revisions"}],"wp:attachment":[{"href":"https:\/\/www.saloanoticias.com\/v1\/wp-json\/wp\/v2\/media?parent=4092"}],"wp:term":[{"taxonomy":"category","embeddable":true,"href":"https:\/\/www.saloanoticias.com\/v1\/wp-json\/wp\/v2\/categories?post=4092"},{"taxonomy":"post_tag","embeddable":true,"href":"https:\/\/www.saloanoticias.com\/v1\/wp-json\/wp\/v2\/tags?post=4092"}],"curies":[{"name":"wp","href":"https:\/\/api.w.org\/{rel}","templated":true}]}}