{"id":4091,"date":"2018-06-15T00:30:00","date_gmt":"2018-06-15T00:30:00","guid":{"rendered":"https:\/\/saloanoticias.mrmediaweb.com\/v1\/2018\/06\/15\/locutor-eraldo-gilo-fecha-com-o-grupo-do-prefeito-ricardo-alves\/"},"modified":"2018-06-15T00:30:00","modified_gmt":"2018-06-15T00:30:00","slug":"locutor-eraldo-gilo-fecha-com-o-grupo-do-prefeito-ricardo-alves","status":"publish","type":"post","link":"https:\/\/www.saloanoticias.com\/v1\/locutor-eraldo-gilo-fecha-com-o-grupo-do-prefeito-ricardo-alves\/","title":{"rendered":"LOCUTOR ERALDO GIL\u00d3 FECHA COM O GRUPO DO PREFEITO RICARDO ALVES"},"content":{"rendered":"<p align=\"justify\"><font size=\"3\" face=\"Arial\"><a href=\"http:\/\/www.saloanoticias.com\/images\/a-logomarca-da-prefeitura---cpia_d1ae6a74dfbfd53267e022b1a5640045.jpg\"><img loading=\"lazy\" decoding=\"async\" title=\"A Logomarca da Prefeitura - C&oacute;pia\" style=\"border-top: 0px; border-right: 0px; background-image: none; border-bottom: 0px; float: left; padding-top: 0px; padding-left: 0px; margin: 5px 5px 0px 0px; border-left: 0px; display: inline; padding-right: 0px\" border=\"0\" alt=\"A Logomarca da Prefeitura - C&oacute;pia\" src=\"http:\/\/www.saloanoticias.com\/v1\/wp-content\/uploads\/imagens\/a-logomarca-da-prefeitura---cpia_thumb_12ab7922e8a3abcbcc106306f33226f1.jpg\" width=\"400\" align=\"left\" height=\"254\"><\/a>O conhecido locutor Eraldo Gil\u00f3 se reuniu com o prefeito Ricardo Alves na tarde desta quinta-feira (14) e resolveu prestar seus relevantes servi\u00e7os de locu\u00e7\u00e3o ao time comandado pelo gestor saloaense. Pelas informa\u00e7\u00f5es repassadas. Pelas informa\u00e7\u00f5es, Eraldo foi sondado por outros grupos pol\u00edticos da cidade e decidiu na tarde hoje o seu futuro profissional ao lado dos situacionistas. Com a ades\u00e3o de Eraldo, o grupo do prefeito acumula grandes nomes da locu\u00e7\u00e3o saloaense, que s\u00e3o Joel Gil\u00f3, primo de Eraldo, Luiz Carlos Alves, o Luiz Locutor e agora a voz marcante de Eraldo. O anuncio foi feito na casa de Ricardo Alves e em seguida a foto oficial ganhou grande repercuss\u00e3o nas redes sociais. <strong><font size=\"2\">Foto compartilhada no grupo Fontes Salo\u00e1 Not\u00edcias<\/font><\/strong><\/font><\/p>\n<div style=\"margin-top: 0px; margin-bottom: 0px;\" class=\"sharethis-inline-share-buttons\" ><\/div>","protected":false},"excerpt":{"rendered":"<p>O conhecido locutor Eraldo Gil\u00f3 se reuniu com o prefeito Ricardo Alves na tarde desta quinta-feira (14) e resolveu prestar seus relevantes servi\u00e7os de locu\u00e7\u00e3o ao time comandado pelo gestor saloaense. Pelas informa\u00e7\u00f5es repassadas. Pelas informa\u00e7\u00f5es, Eraldo foi sondado por outros grupos pol\u00edticos da cidade e decidiu na tarde hoje o seu futuro profissional ao [&hellip;]<\/p>\n","protected":false},"author":1,"featured_media":0,"comment_status":"open","ping_status":"open","sticky":false,"template":"","format":"standard","meta":{"footnotes":""},"categories":[2],"tags":[],"class_list":["post-4091","post","type-post","status-publish","format-standard","hentry","category-noticias-do-dia"],"_links":{"self":[{"href":"https:\/\/www.saloanoticias.com\/v1\/wp-json\/wp\/v2\/posts\/4091","targetHints":{"allow":["GET"]}}],"collection":[{"href":"https:\/\/www.saloanoticias.com\/v1\/wp-json\/wp\/v2\/posts"}],"about":[{"href":"https:\/\/www.saloanoticias.com\/v1\/wp-json\/wp\/v2\/types\/post"}],"author":[{"embeddable":true,"href":"https:\/\/www.saloanoticias.com\/v1\/wp-json\/wp\/v2\/users\/1"}],"replies":[{"embeddable":true,"href":"https:\/\/www.saloanoticias.com\/v1\/wp-json\/wp\/v2\/comments?post=4091"}],"version-history":[{"count":0,"href":"https:\/\/www.saloanoticias.com\/v1\/wp-json\/wp\/v2\/posts\/4091\/revisions"}],"wp:attachment":[{"href":"https:\/\/www.saloanoticias.com\/v1\/wp-json\/wp\/v2\/media?parent=4091"}],"wp:term":[{"taxonomy":"category","embeddable":true,"href":"https:\/\/www.saloanoticias.com\/v1\/wp-json\/wp\/v2\/categories?post=4091"},{"taxonomy":"post_tag","embeddable":true,"href":"https:\/\/www.saloanoticias.com\/v1\/wp-json\/wp\/v2\/tags?post=4091"}],"curies":[{"name":"wp","href":"https:\/\/api.w.org\/{rel}","templated":true}]}}