{"id":4090,"date":"2018-06-15T18:00:00","date_gmt":"2018-06-15T18:00:00","guid":{"rendered":"https:\/\/saloanoticias.mrmediaweb.com\/v1\/2018\/06\/15\/saloa-lanca-o-programa-atencao-redobrada\/"},"modified":"2018-06-15T18:00:00","modified_gmt":"2018-06-15T18:00:00","slug":"saloa-lanca-o-programa-atencao-redobrada","status":"publish","type":"post","link":"https:\/\/www.saloanoticias.com\/v1\/saloa-lanca-o-programa-atencao-redobrada\/","title":{"rendered":"ASSIST\u00caNCIA SOCIAL DE SALO\u00c1-PE LAN\u00c7A O PROGRAMA \u201cATEN\u00c7\u00c3O REDOBRADA\u201d"},"content":{"rendered":"<p align=\"justify\"><font size=\"3\" face=\"Arial\"><a href=\"http:\/\/www.saloanoticias.com\/images\/34093521_1698143570251203_6562721770728587264_n_65de983da081778e4dc02a40af78195a.jpg\"><img loading=\"lazy\" decoding=\"async\" title=\"34093521_1698143570251203_6562721770728587264_n\" style=\"border-top: 0px; border-right: 0px; background-image: none; border-bottom: 0px; float: none; padding-top: 0px; padding-left: 0px; margin: 0px auto 10px; border-left: 0px; display: block; padding-right: 0px\" border=\"0\" alt=\"34093521_1698143570251203_6562721770728587264_n\" src=\"http:\/\/www.saloanoticias.com\/v1\/wp-content\/uploads\/imagens\/34093521_1698143570251203_6562721770728587264_n_thumb_943df13b1cf1f88658202c050bbeb65f.jpg\" width=\"1457\" height=\"997\"><\/a>A Prefeitura&nbsp; de&nbsp; Salo\u00e1\/PE,&nbsp; atrav\u00e9s da Secretaria&nbsp; de Assist\u00eancia&nbsp; Social,&nbsp; lan\u00e7a a campanha \u201cAten\u00e7\u00e3o Redobrada\u201d, onde durante os festejos juninos do munic\u00edpio, a equipe de t\u00e9cnicos, educadores&nbsp; sociais, conselheiro tutelares&nbsp; e Pol\u00edcia&nbsp; Militar&nbsp; estar\u00e3o de plant\u00e3o&nbsp; das 19h&nbsp; at\u00e9&nbsp; o termino&nbsp; da festa realizando abordagem&nbsp; social&nbsp; e fiscalizando a venda de bebidas&nbsp; alco\u00f3licas \u00e0 crian\u00e7as, trabalho infantil&nbsp; e suspeitas de abuso e explora\u00e7\u00e3o sexual contra a crian\u00e7a e adolescentes, contando com espa\u00e7o de acolhimento para crian\u00e7as que se encontrarem nessas situa\u00e7\u00f5es. Este espa\u00e7o contar\u00e1 com atividades l\u00fadicas, espa\u00e7o de lazer e para descanso. <strong><font size=\"2\">Fonte: Ascom da Secretaria de Assist\u00eancia Social de Salo\u00e1<\/font><\/strong><\/font><\/p>\n<div style=\"margin-top: 0px; margin-bottom: 0px;\" class=\"sharethis-inline-share-buttons\" ><\/div>","protected":false},"excerpt":{"rendered":"<p>A Prefeitura&nbsp; de&nbsp; Salo\u00e1\/PE,&nbsp; atrav\u00e9s da Secretaria&nbsp; de Assist\u00eancia&nbsp; Social,&nbsp; lan\u00e7a a campanha \u201cAten\u00e7\u00e3o Redobrada\u201d, onde durante os festejos juninos do munic\u00edpio, a equipe de t\u00e9cnicos, educadores&nbsp; sociais, conselheiro tutelares&nbsp; e Pol\u00edcia&nbsp; Militar&nbsp; estar\u00e3o de plant\u00e3o&nbsp; das 19h&nbsp; at\u00e9&nbsp; o termino&nbsp; da festa realizando abordagem&nbsp; social&nbsp; e fiscalizando a venda de bebidas&nbsp; alco\u00f3licas \u00e0 crian\u00e7as, [&hellip;]<\/p>\n","protected":false},"author":1,"featured_media":0,"comment_status":"open","ping_status":"open","sticky":false,"template":"","format":"standard","meta":{"footnotes":""},"categories":[2],"tags":[],"class_list":["post-4090","post","type-post","status-publish","format-standard","hentry","category-noticias-do-dia"],"_links":{"self":[{"href":"https:\/\/www.saloanoticias.com\/v1\/wp-json\/wp\/v2\/posts\/4090","targetHints":{"allow":["GET"]}}],"collection":[{"href":"https:\/\/www.saloanoticias.com\/v1\/wp-json\/wp\/v2\/posts"}],"about":[{"href":"https:\/\/www.saloanoticias.com\/v1\/wp-json\/wp\/v2\/types\/post"}],"author":[{"embeddable":true,"href":"https:\/\/www.saloanoticias.com\/v1\/wp-json\/wp\/v2\/users\/1"}],"replies":[{"embeddable":true,"href":"https:\/\/www.saloanoticias.com\/v1\/wp-json\/wp\/v2\/comments?post=4090"}],"version-history":[{"count":0,"href":"https:\/\/www.saloanoticias.com\/v1\/wp-json\/wp\/v2\/posts\/4090\/revisions"}],"wp:attachment":[{"href":"https:\/\/www.saloanoticias.com\/v1\/wp-json\/wp\/v2\/media?parent=4090"}],"wp:term":[{"taxonomy":"category","embeddable":true,"href":"https:\/\/www.saloanoticias.com\/v1\/wp-json\/wp\/v2\/categories?post=4090"},{"taxonomy":"post_tag","embeddable":true,"href":"https:\/\/www.saloanoticias.com\/v1\/wp-json\/wp\/v2\/tags?post=4090"}],"curies":[{"name":"wp","href":"https:\/\/api.w.org\/{rel}","templated":true}]}}