{"id":4089,"date":"2018-06-14T22:54:00","date_gmt":"2018-06-14T22:54:00","guid":{"rendered":"https:\/\/saloanoticias.mrmediaweb.com\/v1\/2018\/06\/14\/prefeitura-de-saloa-lanca-o-programa-crianca-feliz-e-recuperando-vidas\/"},"modified":"2018-06-14T22:54:00","modified_gmt":"2018-06-14T22:54:00","slug":"prefeitura-de-saloa-lanca-o-programa-crianca-feliz-e-recuperando-vidas","status":"publish","type":"post","link":"https:\/\/www.saloanoticias.com\/v1\/prefeitura-de-saloa-lanca-o-programa-crianca-feliz-e-recuperando-vidas\/","title":{"rendered":"PREFEITURA DE SALO\u00c1 LAN\u00c7A O PROGRAMA CRIAN\u00c7A FELIZ E RECUPERANDO VIDAS"},"content":{"rendered":"<p align=\"justify\"><font size=\"3\" face=\"Arial\"><a href=\"http:\/\/www.saloanoticias.com\/images\/ascom-2-8.jpg\"><img loading=\"lazy\" decoding=\"async\" title=\"Ascom 2 (8)\" style=\"border-left-width: 0px; border-right-width: 0px; background-image: none; border-bottom-width: 0px; float: none; padding-top: 0px; padding-left: 0px; margin: 0px auto 10px; display: block; padding-right: 0px; border-top-width: 0px\" border=\"0\" alt=\"Ascom 2 (8)\" src=\"http:\/\/www.saloanoticias.com\/v1\/wp-content\/uploads\/imagens\/ascom-2-8_thumb.jpg\" width=\"1436\" height=\"808\"><\/a>Na \u00faltima ter\u00e7a-feira (12\/06), a Prefeitura de Salo\u00e1, por meio da Secretaria Municipal de Assist\u00eancia e Desenvolvimento Social lan\u00e7ou o Programa Crian\u00e7a Feliz que trata de a\u00e7\u00f5es feitas \u00e0 primeira inf\u00e2ncia, promovendo visitas, orientando fam\u00edlias a respeito das quest\u00f5es relacionadas \u00e0 prote\u00e7\u00e3o, ao est\u00edmulo e a garantia dos direitos sociais. <\/font><font size=\"3\" face=\"Arial\">Tamb\u00e9m foi implantado oficialmente em Salo\u00e1 atrav\u00e9s da Secret\u00e1ria de Sa\u00fade o Projeto Gerando Vidas que tem como objetivo acompanhar as gestantes, com consultas, pr\u00e9- natal, exames e no final da gesta\u00e7\u00e3o todas as gestantes receber\u00e3o um enxoval completo.<a href=\"http:\/\/www.saloanoticias.com\/images\/foto-oficial_211022de566fce2be0a04a505c76216d.jpg\"><img loading=\"lazy\" decoding=\"async\" title=\"Foto Oficial\" style=\"border-left-width: 0px; border-right-width: 0px; background-image: none; border-bottom-width: 0px; float: none; padding-top: 0px; padding-left: 0px; margin: 10px auto; display: block; padding-right: 0px; border-top-width: 0px\" border=\"0\" alt=\"Foto Oficial\" src=\"http:\/\/www.saloanoticias.com\/v1\/wp-content\/uploads\/imagens\/foto-oficial_thumb_de436675619e9c0b88389de134815d5a.jpg\" width=\"1436\" height=\"808\"><\/a><\/font><\/p>\n<p align=\"justify\"><font size=\"3\" face=\"Arial\">Na oportunidade o Prefeito Ricardo Alves assinou o termo de ades\u00e3o ao Selo Unicef 2017-2020, que na \u00faltima edi\u00e7\u00e3o o nosso munic\u00edpio recebeu Men\u00e7\u00e3o Honrosa da Unicef pelos trabalhos desenvolvidos. Participaram deste evento os vereadores Ronaldinho Birunda (PSB), Jr. de Rivaldo (MDB) e Tisley Vicente (PRB), al\u00e9m dos secret\u00e1rios Deangeles Florentino, Carlos Ouro Preto e Manuela Torres todos empenhados no sucesso destes dois programas.<\/font><\/p>\n<p align=\"justify\"><a href=\"http:\/\/www.saloanoticias.com\/images\/ascom-1-13.jpg\"><img loading=\"lazy\" decoding=\"async\" title=\"Ascom 1 (13)\" style=\"border-left-width: 0px; border-right-width: 0px; background-image: none; border-bottom-width: 0px; float: none; padding-top: 0px; padding-left: 0px; margin-left: auto; display: block; padding-right: 0px; border-top-width: 0px; margin-right: auto\" border=\"0\" alt=\"Ascom 1 (13)\" src=\"http:\/\/www.saloanoticias.com\/v1\/wp-content\/uploads\/imagens\/ascom-1-13_thumb.jpg\" width=\"1436\" height=\"808\"><\/a><\/p>\n<div style=\"margin-top: 0px; margin-bottom: 0px;\" class=\"sharethis-inline-share-buttons\" ><\/div>","protected":false},"excerpt":{"rendered":"<p>Na \u00faltima ter\u00e7a-feira (12\/06), a Prefeitura de Salo\u00e1, por meio da Secretaria Municipal de Assist\u00eancia e Desenvolvimento Social lan\u00e7ou o Programa Crian\u00e7a Feliz que trata de a\u00e7\u00f5es feitas \u00e0 primeira inf\u00e2ncia, promovendo visitas, orientando fam\u00edlias a respeito das quest\u00f5es relacionadas \u00e0 prote\u00e7\u00e3o, ao est\u00edmulo e a garantia dos direitos sociais. Tamb\u00e9m foi implantado oficialmente em [&hellip;]<\/p>\n","protected":false},"author":1,"featured_media":0,"comment_status":"open","ping_status":"open","sticky":false,"template":"","format":"standard","meta":{"footnotes":""},"categories":[2],"tags":[],"class_list":["post-4089","post","type-post","status-publish","format-standard","hentry","category-noticias-do-dia"],"_links":{"self":[{"href":"https:\/\/www.saloanoticias.com\/v1\/wp-json\/wp\/v2\/posts\/4089","targetHints":{"allow":["GET"]}}],"collection":[{"href":"https:\/\/www.saloanoticias.com\/v1\/wp-json\/wp\/v2\/posts"}],"about":[{"href":"https:\/\/www.saloanoticias.com\/v1\/wp-json\/wp\/v2\/types\/post"}],"author":[{"embeddable":true,"href":"https:\/\/www.saloanoticias.com\/v1\/wp-json\/wp\/v2\/users\/1"}],"replies":[{"embeddable":true,"href":"https:\/\/www.saloanoticias.com\/v1\/wp-json\/wp\/v2\/comments?post=4089"}],"version-history":[{"count":0,"href":"https:\/\/www.saloanoticias.com\/v1\/wp-json\/wp\/v2\/posts\/4089\/revisions"}],"wp:attachment":[{"href":"https:\/\/www.saloanoticias.com\/v1\/wp-json\/wp\/v2\/media?parent=4089"}],"wp:term":[{"taxonomy":"category","embeddable":true,"href":"https:\/\/www.saloanoticias.com\/v1\/wp-json\/wp\/v2\/categories?post=4089"},{"taxonomy":"post_tag","embeddable":true,"href":"https:\/\/www.saloanoticias.com\/v1\/wp-json\/wp\/v2\/tags?post=4089"}],"curies":[{"name":"wp","href":"https:\/\/api.w.org\/{rel}","templated":true}]}}