{"id":4088,"date":"2018-06-13T17:14:38","date_gmt":"2018-06-13T17:14:38","guid":{"rendered":"https:\/\/saloanoticias.mrmediaweb.com\/v1\/2018\/06\/13\/padre-saloaense-sera-o-novo-diretor-do-colegio-diocesano\/"},"modified":"2018-06-13T17:14:38","modified_gmt":"2018-06-13T17:14:38","slug":"padre-saloaense-sera-o-novo-diretor-do-colegio-diocesano","status":"publish","type":"post","link":"https:\/\/www.saloanoticias.com\/v1\/padre-saloaense-sera-o-novo-diretor-do-colegio-diocesano\/","title":{"rendered":"PADRE SALOAENSE SER\u00c1 O NOVO DIRETOR DO COL\u00c9GIO DIOCESANO DE GARANHUNS"},"content":{"rendered":"<p align=\"justify\"><font size=\"3\" face=\"Arial\"><a href=\"http:\/\/www.saloanoticias.com\/images\/marlia-armando_f655542e587357c5a9e23a90d408e06e.jpg\"><img loading=\"lazy\" decoding=\"async\" title=\"MAR&Iacute;LIA ARMANDO\" style=\"border-top: 0px; border-right: 0px; background-image: none; border-bottom: 0px; float: left; padding-top: 0px; padding-left: 0px; margin: 5px 5px 0px 0px; border-left: 0px; display: inline; padding-right: 0px\" border=\"0\" alt=\"MAR&Iacute;LIA ARMANDO\" src=\"http:\/\/www.saloanoticias.com\/v1\/wp-content\/uploads\/imagens\/marlia-armando_thumb_191aefcc7c57b3cdeebfe360f867b4ed.jpg\" width=\"273\" align=\"left\" height=\"273\"><\/a>O Padre Jos\u00e9 \u00c9merson vai deixar a dire\u00e7\u00e3o do Col\u00e9gio Diocesano de Garanhuns no final deste m\u00eas de junho. Ele entregou uma Carta de Ren\u00fancia do cargo ao Bispo Diocesano, Dom Paulo Jackson, no inicio da manh\u00e3 do 7. \u201cCheguei \u00e0 conclus\u00e3o de ter contribu\u00eddo, ao longo de dois anos, na administra\u00e7\u00e3o desta casa de educa\u00e7\u00e3o, o nosso amado Col\u00e9gio Diocesano de Garanhuns. Fui tomado pelo cansa\u00e7o do labor constante. Portanto, sinto-me neste momento necessitado voltar ao primeiro amor, isto \u00e9, ao trabalho pastoral em uma Par\u00f3quia\u201d, pontuou o Padre \u00c9merson, em trecho da Carta endere\u00e7ada ao L\u00edder maior da Igreja Cat\u00f3lica na Regi\u00e3o.<\/font><\/p>\n<p align=\"justify\"><font size=\"3\" face=\"Arial\">Em resposta a a\u00e7\u00e3o do Sacerdote, o Bispo Diocesano emitiu uma sucinta Nota informando da decis\u00e3o do Padre \u00c9merson e da nomea\u00e7\u00e3o do Padre Marcos Andr\u00e9 Ferreira Gomes, que atualmente est\u00e1 na Par\u00f3quia de Lajedo, como novo diretor do Col\u00e9gio. Dom Paulo Jackson n\u00e3o fez qualquer men\u00e7\u00e3o ao trabalho realizado pelo Padre \u00c9merson \u00e0 frente do Centen\u00e1rio Educand\u00e1rio. O Padre Jos\u00e9 \u00c9merson geriu o Col\u00e9gio Diocesano de Garanhuns por cerca de dois anos. Padre Marcos \u00e9 natural de Salo\u00e1 e assume mais uma honrosa miss\u00e3o, a de gerir o respeitado Col\u00e9gio Diocesano de Garanhuns. <strong><font size=\"2\">Com informa\u00e7\u00f5es do Blog do Carlos Eug\u00eanio<\/font><\/strong><\/font><\/p>\n<div style=\"margin-top: 0px; margin-bottom: 0px;\" class=\"sharethis-inline-share-buttons\" ><\/div>","protected":false},"excerpt":{"rendered":"<p>O Padre Jos\u00e9 \u00c9merson vai deixar a dire\u00e7\u00e3o do Col\u00e9gio Diocesano de Garanhuns no final deste m\u00eas de junho. Ele entregou uma Carta de Ren\u00fancia do cargo ao Bispo Diocesano, Dom Paulo Jackson, no inicio da manh\u00e3 do 7. \u201cCheguei \u00e0 conclus\u00e3o de ter contribu\u00eddo, ao longo de dois anos, na administra\u00e7\u00e3o desta casa de [&hellip;]<\/p>\n","protected":false},"author":1,"featured_media":0,"comment_status":"open","ping_status":"open","sticky":false,"template":"","format":"standard","meta":{"footnotes":""},"categories":[2],"tags":[],"class_list":["post-4088","post","type-post","status-publish","format-standard","hentry","category-noticias-do-dia"],"_links":{"self":[{"href":"https:\/\/www.saloanoticias.com\/v1\/wp-json\/wp\/v2\/posts\/4088","targetHints":{"allow":["GET"]}}],"collection":[{"href":"https:\/\/www.saloanoticias.com\/v1\/wp-json\/wp\/v2\/posts"}],"about":[{"href":"https:\/\/www.saloanoticias.com\/v1\/wp-json\/wp\/v2\/types\/post"}],"author":[{"embeddable":true,"href":"https:\/\/www.saloanoticias.com\/v1\/wp-json\/wp\/v2\/users\/1"}],"replies":[{"embeddable":true,"href":"https:\/\/www.saloanoticias.com\/v1\/wp-json\/wp\/v2\/comments?post=4088"}],"version-history":[{"count":0,"href":"https:\/\/www.saloanoticias.com\/v1\/wp-json\/wp\/v2\/posts\/4088\/revisions"}],"wp:attachment":[{"href":"https:\/\/www.saloanoticias.com\/v1\/wp-json\/wp\/v2\/media?parent=4088"}],"wp:term":[{"taxonomy":"category","embeddable":true,"href":"https:\/\/www.saloanoticias.com\/v1\/wp-json\/wp\/v2\/categories?post=4088"},{"taxonomy":"post_tag","embeddable":true,"href":"https:\/\/www.saloanoticias.com\/v1\/wp-json\/wp\/v2\/tags?post=4088"}],"curies":[{"name":"wp","href":"https:\/\/api.w.org\/{rel}","templated":true}]}}