{"id":4085,"date":"2018-06-11T11:00:00","date_gmt":"2018-06-11T11:00:00","guid":{"rendered":"https:\/\/saloanoticias.mrmediaweb.com\/v1\/2018\/06\/11\/reprovacao-de-temer-bate-record-e-chega-a-82-diz-pesquisa\/"},"modified":"2018-06-11T11:00:00","modified_gmt":"2018-06-11T11:00:00","slug":"reprovacao-de-temer-bate-record-e-chega-a-82-diz-pesquisa","status":"publish","type":"post","link":"https:\/\/www.saloanoticias.com\/v1\/reprovacao-de-temer-bate-record-e-chega-a-82-diz-pesquisa\/","title":{"rendered":"REPROVA\u00c7\u00c3O DE MICHEL TEMER BATE NOVO RECORD E CHEGA A 82%, DIZ PESQUISA"},"content":{"rendered":"<p align=\"justify\"><font size=\"3\" face=\"Arial\"><a href=\"http:\/\/www.saloanoticias.com\/images\/a-logomarca-da-prefeitura---cpia_75cfb0a6cc045dfa58288e9b9a83791f.jpg\"><img loading=\"lazy\" decoding=\"async\" title=\"A Logomarca da Prefeitura - C&oacute;pia\" style=\"border-top: 0px; border-right: 0px; background-image: none; border-bottom: 0px; float: right; padding-top: 0px; padding-left: 0px; margin: 5px 0px 0px 5px; border-left: 0px; display: inline; padding-right: 0px\" border=\"0\" alt=\"A Logomarca da Prefeitura - C&oacute;pia\" src=\"http:\/\/www.saloanoticias.com\/v1\/wp-content\/uploads\/imagens\/a-logomarca-da-prefeitura---cpia_thumb_d079d0cac965925fdbbab9109fc3b88c.jpg\" width=\"290\" align=\"right\" height=\"186\"><\/a>A mais recente pesquisa Datafolha, divulgada na madrugada deste domingo (10) mostra que a greve dos caminhoneiros e a lenta retomada da economia aumentaram em 12 pontos porcentuais a taxa de reprova\u00e7\u00e3o da gest\u00e3o Michel Temer. Os que consideram seu governo p\u00e9ssimo ou ruim chegam a 82% contra 70% na \u00faltima mostra do instituto, divulgada no dia 15 de abril. <\/font><font size=\"3\" face=\"Arial\">Com o recorde de presidente mais impopular da hist\u00f3ria do Pa\u00eds, p\u00f3s redemocratiza\u00e7\u00e3o, ap\u00f3s a paralisa\u00e7\u00e3o dos caminhoneiros apenas 3% consideram sua gest\u00e3o \u00f3tima ou boa e 14% regular. O \u00edndice de rejei\u00e7\u00e3o de Temer bate o de Dilma Rousseff, que em agosto de 2015 atingia 71% entre os brasileiros.<\/font> <\/p>\n<p align=\"justify\"><strong><font size=\"3\" face=\"Arial\">Confian\u00e7a: <\/font><\/strong><font size=\"3\" face=\"Arial\">A pesquisa Datafolha mostra tamb\u00e9m que as For\u00e7as Armadas representam a institui\u00e7\u00e3o na qual a popula\u00e7\u00e3o deposita maior confian\u00e7a, com 37%. Um porcentual que registrou queda em rela\u00e7\u00e3o \u00e0 mostra de abril, que ficou em 43%. <\/font><font size=\"3\" face=\"Arial\">Os mais baixos \u00edndices de credibilidade ficaram com os partidos pol\u00edticos, com 68%, Congresso 67% e Presid\u00eancia da Rep\u00fablica com 64%. J\u00e1 os \u00edndices de desconfian\u00e7a no Supremo chegam a 39% e na imprensa a 37%.<\/font> <\/p>\n<p align=\"justify\"><font size=\"3\" face=\"Arial\">A nova pesquisa Datafolha, realizada nos dias 6 (quarta-feira) e 7 (quinta-feira), teve como base 2.824 entrevistas em 174 munic\u00edpios em todos os Estados do Pa\u00eds, incluindo Distrito Federal. A margem de erro \u00e9 de 2 pontos porcentuais para mais ou para menos e o n\u00edvel de confian\u00e7a \u00e9 de 95%. A pesquisa est\u00e1 registrada no TSE sob n\u00famero BR-05110\/2018. <strong><font size=\"2\">Fonte: Di\u00e1rio de Pernambuco<\/font><\/strong><\/font><\/p>\n<div style=\"margin-top: 0px; margin-bottom: 0px;\" class=\"sharethis-inline-share-buttons\" ><\/div>","protected":false},"excerpt":{"rendered":"<p>A mais recente pesquisa Datafolha, divulgada na madrugada deste domingo (10) mostra que a greve dos caminhoneiros e a lenta retomada da economia aumentaram em 12 pontos porcentuais a taxa de reprova\u00e7\u00e3o da gest\u00e3o Michel Temer. Os que consideram seu governo p\u00e9ssimo ou ruim chegam a 82% contra 70% na \u00faltima mostra do instituto, divulgada [&hellip;]<\/p>\n","protected":false},"author":1,"featured_media":0,"comment_status":"open","ping_status":"open","sticky":false,"template":"","format":"standard","meta":{"footnotes":""},"categories":[2],"tags":[],"class_list":["post-4085","post","type-post","status-publish","format-standard","hentry","category-noticias-do-dia"],"_links":{"self":[{"href":"https:\/\/www.saloanoticias.com\/v1\/wp-json\/wp\/v2\/posts\/4085","targetHints":{"allow":["GET"]}}],"collection":[{"href":"https:\/\/www.saloanoticias.com\/v1\/wp-json\/wp\/v2\/posts"}],"about":[{"href":"https:\/\/www.saloanoticias.com\/v1\/wp-json\/wp\/v2\/types\/post"}],"author":[{"embeddable":true,"href":"https:\/\/www.saloanoticias.com\/v1\/wp-json\/wp\/v2\/users\/1"}],"replies":[{"embeddable":true,"href":"https:\/\/www.saloanoticias.com\/v1\/wp-json\/wp\/v2\/comments?post=4085"}],"version-history":[{"count":0,"href":"https:\/\/www.saloanoticias.com\/v1\/wp-json\/wp\/v2\/posts\/4085\/revisions"}],"wp:attachment":[{"href":"https:\/\/www.saloanoticias.com\/v1\/wp-json\/wp\/v2\/media?parent=4085"}],"wp:term":[{"taxonomy":"category","embeddable":true,"href":"https:\/\/www.saloanoticias.com\/v1\/wp-json\/wp\/v2\/categories?post=4085"},{"taxonomy":"post_tag","embeddable":true,"href":"https:\/\/www.saloanoticias.com\/v1\/wp-json\/wp\/v2\/tags?post=4085"}],"curies":[{"name":"wp","href":"https:\/\/api.w.org\/{rel}","templated":true}]}}