{"id":4084,"date":"2018-06-10T11:00:00","date_gmt":"2018-06-10T11:00:00","guid":{"rendered":"https:\/\/saloanoticias.mrmediaweb.com\/v1\/2018\/06\/10\/a-verdade-sobre-o-video-do-governador-em-angelim\/"},"modified":"2018-06-10T11:00:00","modified_gmt":"2018-06-10T11:00:00","slug":"a-verdade-sobre-o-video-do-governador-em-angelim","status":"publish","type":"post","link":"https:\/\/www.saloanoticias.com\/v1\/a-verdade-sobre-o-video-do-governador-em-angelim\/","title":{"rendered":"CONHE\u00c7A A VERDADE SOBRE O V\u00cdDEO DO GOVERNADOR EM ANGELIM"},"content":{"rendered":"<p align=\"justify\"><font size=\"3\" face=\"Arial\"><a href=\"http:\/\/www.saloanoticias.com\/images\/marlia-armando_b3564aa5f06eb52f85149e5d336366ef.jpg\"><img loading=\"lazy\" decoding=\"async\" title=\"MAR&Iacute;LIA ARMANDO\" style=\"border-top: 0px; border-right: 0px; background-image: none; border-bottom: 0px; float: none; padding-top: 0px; padding-left: 0px; margin: 0px auto 10px; border-left: 0px; display: block; padding-right: 0px\" border=\"0\" alt=\"MAR&Iacute;LIA ARMANDO\" src=\"http:\/\/www.saloanoticias.com\/v1\/wp-content\/uploads\/imagens\/marlia-armando_thumb_68272382423de3e115dbe595f18119e0.jpg\" width=\"1435\" height=\"861\"><\/a>O governador cumpriu agenda nos \u00faltimos dois dias no Agreste Meridional, em v\u00e1rias cidades, em todas elas fazendo inaugura\u00e7\u00f5es e assinando Ordens de Servi\u00e7o, como a Adutora Caet\u00e9s\/Capoeiras, a Casa da Juventude e uma nova escola em Brej\u00e3o, entrega do Audit\u00f3rio da UPE em Garanhuns, Barragem em S\u00e3o Bento do Una, etc. Ainda teve a Caravana da Educa\u00e7\u00e3o. Todas as informa\u00e7\u00f5es estamos postando aqui no blog. <\/font><font size=\"3\" face=\"Arial\">Em Angelim, o governador inaugurou junto ao prefeito Douglas Duarte a nova Secretaria de Educa\u00e7\u00e3o e o cal\u00e7amento da Beira-Rio. Entre uma e outra, uma dist\u00e2ncia de cerca de 600 metros.<\/font> <\/p>\n<p align=\"justify\"><font size=\"3\" face=\"Arial\">A popula\u00e7\u00e3o que acompanhou a passagem do governador pelo munic\u00edpio esteve na secretaria de educa\u00e7\u00e3o, e depois se dirigiu para a Beira-Rio onde havia um palanque armado para os discursos das autoridades. <\/font><font size=\"3\" face=\"Arial\">O governador e o prefeito estavam na Van da comitiva oficial, e chegaram primeiro no local onde foi inaugurado o cal\u00e7amento, aproveitaram e foram cumprimentando as pessoas que est\u00e3o ali aguardando, mas algu\u00e9m, com intuito pol\u00edtico, gravou e &#8220;narrou&#8221; como se o governador tivesse chegado \u00e0 cidade naquele momento e n\u00e3o tivesse ningu\u00e9m para receb\u00ea-lo.<\/font> <\/p>\n<p align=\"justify\"><font size=\"3\" face=\"Arial\">O v\u00eddeo foi compartilhado nas redes sociais e teve repercuss\u00e3o imediata. Quem gravou o v\u00eddeo n\u00e3o gravou outro, quando poucos minutos depois, toda a popula\u00e7\u00e3o que acompanharia a inaugura\u00e7\u00e3o chegou caminhando com todas as demais lideran\u00e7as do munic\u00edpio e regionais, que se fizeram presentes, conforme atesta a foto que ilustra este post, tirada no mesmo local onde foi gravado o v\u00eddeo minutos antes. <\/font><font size=\"3\" face=\"Arial\">Conversamos com o prefeito Douglas Duarte que n\u00e3o tem d\u00favidas que a inten\u00e7\u00e3o do v\u00eddeo foi pol\u00edtica, tanto \u00e9 que quem gravou n\u00e3o fez outro para mostrar o sucesso que foi a passagem do governador por Angelim. <\/font> <\/p>\n<p align=\"justify\"><font size=\"3\" face=\"Arial\">Com estas inaugura\u00e7\u00f5es e os novos investimentos anunciados, Angelim fechar\u00e1 o ano com um cr\u00e9dito em a\u00e7\u00f5es do estado no munic\u00edpio na ordem de R$ 3 milh\u00f5es. &#8220;Trabalhamos com a verdade, fazendo uma pol\u00edtica s\u00e9ria. Sabemos de onde partiu a grava\u00e7\u00e3o e o intuito pol\u00edtico. Esperamos que este esclarecimento possa alcan\u00e7ar todos aqueles que receberam o v\u00eddeo e o coment\u00e1rio que buscou enganar a todos&#8221;. &#8211; Registrou o prefeito. <strong><font size=\"2\">Fonte: Blog do Ronaldo Cesar<\/font><\/strong><\/font><\/p>\n<div style=\"margin-top: 0px; margin-bottom: 0px;\" class=\"sharethis-inline-share-buttons\" ><\/div>","protected":false},"excerpt":{"rendered":"<p>O governador cumpriu agenda nos \u00faltimos dois dias no Agreste Meridional, em v\u00e1rias cidades, em todas elas fazendo inaugura\u00e7\u00f5es e assinando Ordens de Servi\u00e7o, como a Adutora Caet\u00e9s\/Capoeiras, a Casa da Juventude e uma nova escola em Brej\u00e3o, entrega do Audit\u00f3rio da UPE em Garanhuns, Barragem em S\u00e3o Bento do Una, etc. Ainda teve a [&hellip;]<\/p>\n","protected":false},"author":1,"featured_media":0,"comment_status":"open","ping_status":"open","sticky":false,"template":"","format":"standard","meta":{"footnotes":""},"categories":[2],"tags":[],"class_list":["post-4084","post","type-post","status-publish","format-standard","hentry","category-noticias-do-dia"],"_links":{"self":[{"href":"https:\/\/www.saloanoticias.com\/v1\/wp-json\/wp\/v2\/posts\/4084","targetHints":{"allow":["GET"]}}],"collection":[{"href":"https:\/\/www.saloanoticias.com\/v1\/wp-json\/wp\/v2\/posts"}],"about":[{"href":"https:\/\/www.saloanoticias.com\/v1\/wp-json\/wp\/v2\/types\/post"}],"author":[{"embeddable":true,"href":"https:\/\/www.saloanoticias.com\/v1\/wp-json\/wp\/v2\/users\/1"}],"replies":[{"embeddable":true,"href":"https:\/\/www.saloanoticias.com\/v1\/wp-json\/wp\/v2\/comments?post=4084"}],"version-history":[{"count":0,"href":"https:\/\/www.saloanoticias.com\/v1\/wp-json\/wp\/v2\/posts\/4084\/revisions"}],"wp:attachment":[{"href":"https:\/\/www.saloanoticias.com\/v1\/wp-json\/wp\/v2\/media?parent=4084"}],"wp:term":[{"taxonomy":"category","embeddable":true,"href":"https:\/\/www.saloanoticias.com\/v1\/wp-json\/wp\/v2\/categories?post=4084"},{"taxonomy":"post_tag","embeddable":true,"href":"https:\/\/www.saloanoticias.com\/v1\/wp-json\/wp\/v2\/tags?post=4084"}],"curies":[{"name":"wp","href":"https:\/\/api.w.org\/{rel}","templated":true}]}}