{"id":4083,"date":"2018-06-09T19:14:00","date_gmt":"2018-06-09T19:14:00","guid":{"rendered":"https:\/\/saloanoticias.mrmediaweb.com\/v1\/2018\/06\/09\/em-nova-pesquisa-para-o-governo-do-estado-paulo-camara-dispara-ma-frente-de-armando-e-marilia\/"},"modified":"2018-06-09T19:14:00","modified_gmt":"2018-06-09T19:14:00","slug":"em-nova-pesquisa-para-o-governo-do-estado-paulo-camara-dispara-ma-frente-de-armando-e-marilia","status":"publish","type":"post","link":"https:\/\/www.saloanoticias.com\/v1\/em-nova-pesquisa-para-o-governo-do-estado-paulo-camara-dispara-ma-frente-de-armando-e-marilia\/","title":{"rendered":"EM NOVA PESQUISA PARA O GOVERNO DO ESTADO PAULO C\u00c2MARA (PSB) DISPARA NA FRENTE DE ARMANDO E MAR\u00cdLIA"},"content":{"rendered":"<p align=\"justify\"><font face=\"Arial\"><font size=\"3\"><b><a href=\"http:\/\/www.saloanoticias.com\/images\/a-logomarca-da-prefeitura---cpia_e55a4a034cbe029c7443e9180b7f1e5e.jpg\"><img loading=\"lazy\" decoding=\"async\" title=\"A Logomarca da Prefeitura - C&oacute;pia\" style=\"border-left-width: 0px; border-right-width: 0px; background-image: none; border-bottom-width: 0px; float: none; padding-top: 0px; padding-left: 0px; margin: 0px auto 10px; display: block; padding-right: 0px; border-top-width: 0px\" border=\"0\" alt=\"A Logomarca da Prefeitura - C&oacute;pia\" src=\"http:\/\/www.saloanoticias.com\/v1\/wp-content\/uploads\/imagens\/a-logomarca-da-prefeitura---cpia_thumb_b9fdad84ee32ea554096ece03a26525f.jpg\" width=\"1473\" height=\"966\"><\/a><\/b>PAULO E JARBAS LIDERAM NOVAS PESQUISAS PARA GOVERNADOR E SENADOR: O Instituto M\u00faltipla acaba de divulgar os resultados de nova pesquisa para governador de Pernambuco, e o cen\u00e1rio \u00e9 bem diferente de uma outra sem registro divulgada pela oposi\u00e7\u00e3o estadual esta semana. O Instituto M\u00faltipla continua mostrando Paulo C\u00e2mara bem \u00e0 frente de Armando e Mar\u00edlia, e at\u00e9 ampliando a dist\u00e2ncia. <\/font><\/font><font size=\"3\" face=\"Arial\">Dos tr\u00eas principais concorrentes, somente o governador cresceu. Mar\u00edlia perdeu 4,5% e Armando 1%. Paulo subiu 2%.<\/font><\/p>\n<p align=\"center\"><font size=\"4\" face=\"Arial\"><strong><u>PESQUISA JUNHO\/2018.<\/u><\/strong><\/font>  <\/p>\n<p align=\"center\"><font size=\"4\" face=\"Arial\"><strong>Paulo C\u00e2mara (PSB) &#8211; 26%<\/strong><\/font>  <\/p>\n<p align=\"center\"><font size=\"4\" face=\"Arial\"><strong>Mar\u00edlia Arraes (PT) &#8211; 17%<\/strong><\/font>  <\/p>\n<p align=\"center\"><font size=\"4\" face=\"Arial\"><strong>Armando Monteiro (PTB) &#8211; 16%<\/strong><\/font>  <\/p>\n<p align=\"justify\"><font size=\"3\" face=\"Arial\">Pela nova pesquisa, Mar\u00edlia e Armando disputam uma vaga no segundo turno.<\/font> <font size=\"3\" face=\"Arial\">Em maio, em pesquisa tamb\u00e9m do Instituto M\u00faltipla, Paulo liderava com 24%, Mar\u00edlia chegava aos 21,5% e Armando Monteiro j\u00e1 estava em terceiro com apenas 17,3%. <strong>SENADO:<\/strong> Jarbas Vasconcelos continua na frente com 20%. Humberto j\u00e1 aparece <\/font><font size=\"3\" face=\"Arial\">em 2\u00ba com 12,7%. Mendon\u00e7a Filho tem 10,8%. O deputado estadual Andr\u00e9 Ferreira (PSC), com 5,1%. <\/font><font size=\"4\" face=\"Arial\"><strong>OUTRA PESQUISA: <\/strong><\/font><font size=\"3\" face=\"Arial\">H\u00e1 poucos dias a oposi\u00e7\u00e3o fez chegar a alguns meios de comunica\u00e7\u00e3o uma pesquisa n\u00e3o autorizada na qual colocava Paulo C\u00e2mara em 3\u00ba. Tal pesquisa n\u00e3o poderia ser divulgada nem nas redes sociais, inclusive a lei \u00e9 dura para quem compartilha inclusive em grupos de Whatsapp.<\/font><\/p>\n<p align=\"justify\"><a href=\"http:\/\/www.saloanoticias.com\/images\/marlia-armando_2b6ba9a3112ece96b53bd7a0d84c36e8.jpg\"><img loading=\"lazy\" decoding=\"async\" title=\"MAR&Iacute;LIA ARMANDO\" style=\"border-left-width: 0px; border-right-width: 0px; background-image: none; border-bottom-width: 0px; float: left; padding-top: 0px; padding-left: 0px; margin: 5px 5px 0px 0px; display: inline; padding-right: 0px; border-top-width: 0px\" border=\"0\" alt=\"MAR&Iacute;LIA ARMANDO\" src=\"http:\/\/www.saloanoticias.com\/v1\/wp-content\/uploads\/imagens\/marlia-armando_thumb_d0d62ecae755adfde5e9a28d3761055d.jpg\" width=\"214\" align=\"left\" height=\"178\"><\/a><\/p>\n<p align=\"justify\"><font size=\"3\" face=\"Arial\"><strong><font size=\"4\">PESQUISA M\u00daLTIPLA:<\/font><\/strong> <\/font><font size=\"3\" face=\"Arial\">A nova pesquisa do Instituto M\u00faltipla foi divulgada nesta quinta-feira (7), contratada pelo pr\u00f3prio e registrada no TRE-PE e no Tribunal Superior Eleitoral, com margem de erro, de 4,1%. <\/font><font size=\"3\" face=\"Arial\">O Instituto realizou 600 entrevistas entre os dias 02 e 06 de junho, em todas as regi\u00f5es do Estado, seguindo a estratifica\u00e7\u00e3o do IBGE. A pesquisa foi registrada sob os n\u00fameros PE 02707\/2018 e BR 04235\/2018.<\/font>  <\/p>\n<p align=\"justify\"><font size=\"3\" face=\"Arial\"><font size=\"4\"><strong>CONFIRA O GR\u00c1FICO COM O HIST\u00d3RICO DAS PESQUISAS DO INSTITUTO:<\/strong><\/font> <\/font><font size=\"3\" face=\"Arial\">Comparando os n\u00fameros das \u00faltimas quatro pesquisas, percebe-se que o crescimento de Mar\u00edlia, inicialmente tirou votos de Paulo e Armando, no entanto o governador conseguiu se consolidar na lideran\u00e7a e atualmente tem mais do que registrava em janeiro, de 23% para 26%. <\/font><font size=\"3\" face=\"Arial\">J\u00e1 Armando caiu e n\u00e3o conseguiu recuperar a vice-lideran\u00e7a. Foi ultrapassado por Mar\u00edlia na pesquisa de maio. Contudo o senador aposta em melhor estrutura de campanha e na continuidade do projeto pr\u00f3prio do PT para garantir o segundo turno e que ser\u00e1 ele a representar a oposi\u00e7\u00e3o estadual. <\/font><font size=\"3\" face=\"Arial\">Mar\u00edlia vinha numa crescente e foi surpreendida com a queda de 4%, talvez j\u00e1 fruto da possibilidade do PT apoiar a reelei\u00e7\u00e3o de Paulo C\u00e2mara.<\/font> <a href=\"https:\/\/3.bp.blogspot.com\/-a9prJR1SwW0\/WxqXsdRiP2I\/AAAAAAABn6g\/vZ4FmX6DSdwbUh7A3DT8jVN2jnyTDnXjACLcBGAs\/s1600\/grafico.png\"><img loading=\"lazy\" decoding=\"async\" style=\"float: none; margin-left: auto; display: block; margin-right: auto\" border=\"0\" src=\"https:\/\/3.bp.blogspot.com\/-a9prJR1SwW0\/WxqXsdRiP2I\/AAAAAAABn6g\/vZ4FmX6DSdwbUh7A3DT8jVN2jnyTDnXjACLcBGAs\/s640\/grafico.png\" width=\"1488\" height=\"879\"><\/a><\/p>\n<div style=\"margin-top: 0px; margin-bottom: 0px;\" class=\"sharethis-inline-share-buttons\" ><\/div>","protected":false},"excerpt":{"rendered":"<p>PAULO E JARBAS LIDERAM NOVAS PESQUISAS PARA GOVERNADOR E SENADOR: O Instituto M\u00faltipla acaba de divulgar os resultados de nova pesquisa para governador de Pernambuco, e o cen\u00e1rio \u00e9 bem diferente de uma outra sem registro divulgada pela oposi\u00e7\u00e3o estadual esta semana. O Instituto M\u00faltipla continua mostrando Paulo C\u00e2mara bem \u00e0 frente de Armando e [&hellip;]<\/p>\n","protected":false},"author":1,"featured_media":0,"comment_status":"open","ping_status":"open","sticky":false,"template":"","format":"standard","meta":{"footnotes":""},"categories":[2],"tags":[],"class_list":["post-4083","post","type-post","status-publish","format-standard","hentry","category-noticias-do-dia"],"_links":{"self":[{"href":"https:\/\/www.saloanoticias.com\/v1\/wp-json\/wp\/v2\/posts\/4083","targetHints":{"allow":["GET"]}}],"collection":[{"href":"https:\/\/www.saloanoticias.com\/v1\/wp-json\/wp\/v2\/posts"}],"about":[{"href":"https:\/\/www.saloanoticias.com\/v1\/wp-json\/wp\/v2\/types\/post"}],"author":[{"embeddable":true,"href":"https:\/\/www.saloanoticias.com\/v1\/wp-json\/wp\/v2\/users\/1"}],"replies":[{"embeddable":true,"href":"https:\/\/www.saloanoticias.com\/v1\/wp-json\/wp\/v2\/comments?post=4083"}],"version-history":[{"count":0,"href":"https:\/\/www.saloanoticias.com\/v1\/wp-json\/wp\/v2\/posts\/4083\/revisions"}],"wp:attachment":[{"href":"https:\/\/www.saloanoticias.com\/v1\/wp-json\/wp\/v2\/media?parent=4083"}],"wp:term":[{"taxonomy":"category","embeddable":true,"href":"https:\/\/www.saloanoticias.com\/v1\/wp-json\/wp\/v2\/categories?post=4083"},{"taxonomy":"post_tag","embeddable":true,"href":"https:\/\/www.saloanoticias.com\/v1\/wp-json\/wp\/v2\/tags?post=4083"}],"curies":[{"name":"wp","href":"https:\/\/api.w.org\/{rel}","templated":true}]}}