{"id":4082,"date":"2018-06-08T11:36:00","date_gmt":"2018-06-08T11:36:00","guid":{"rendered":"https:\/\/saloanoticias.mrmediaweb.com\/v1\/2018\/06\/08\/paulo-camara-visita-saloa-e-inaugura-obras\/"},"modified":"2018-06-08T11:36:00","modified_gmt":"2018-06-08T11:36:00","slug":"paulo-camara-visita-saloa-e-inaugura-obras","status":"publish","type":"post","link":"https:\/\/www.saloanoticias.com\/v1\/paulo-camara-visita-saloa-e-inaugura-obras\/","title":{"rendered":"PAULO C\u00c2MARA VISITA SALO\u00c1 E INAUGURA OBRAS IMPORTANTES NO MUNIC\u00cdPIO"},"content":{"rendered":"<p align=\"justify\"><font size=\"3\" face=\"Arial\"><a href=\"http:\/\/www.saloanoticias.com\/images\/whatsapp-image-2018-06-08-at-20.06.43.jpg\"><img loading=\"lazy\" decoding=\"async\" title=\"WhatsApp Image 2018-06-08 at 20.06.43\" style=\"border-top: 0px; border-right: 0px; background-image: none; border-bottom: 0px; float: none; padding-top: 0px; padding-left: 0px; margin: 0px auto 10px; border-left: 0px; display: block; padding-right: 0px\" border=\"0\" alt=\"WhatsApp Image 2018-06-08 at 20.06.43\" src=\"http:\/\/www.saloanoticias.com\/v1\/wp-content\/uploads\/imagens\/whatsapp-image-2018-06-08-at-20.06.43_thumb.jpg\" width=\"1436\" height=\"856\"><\/a>O governador Paulo C\u00e2mara (PSB) esteve na cidade de Salo\u00e1 na noite desta quinta-feira, dia 7 de junho de 2018 inaugurando obras e anunciado novas a\u00e7\u00f5es que chegar\u00e3o ao Munic\u00edpio ainda este ano. Paulo estava acompanhado pelos deputados federais Danilo Cabral (PSB), que foi majorit\u00e1rio nas \u00faltimas elei\u00e7\u00f5es na cidade, e Gonzaga Patriota, dos estaduais Marco Ant\u00f4nio Dourado (PSB) e Claudiano Filho (PSDB), ambos da regi\u00e3o e que fazem parte da situa\u00e7\u00e3o na ALEPE.<\/font><\/p>\n<p align=\"justify\"><a href=\"http:\/\/www.saloanoticias.com\/images\/34474874_1826098894140334_7569709662530961408_n_17f94da847df9f7e4f0c56cff988af7d.jpg\"><img loading=\"lazy\" decoding=\"async\" title=\"34474874_1826098894140334_7569709662530961408_n\" style=\"border-top: 0px; border-right: 0px; background-image: none; border-bottom: 0px; float: none; padding-top: 0px; padding-left: 0px; margin-left: auto; border-left: 0px; display: block; padding-right: 0px; margin-right: auto\" border=\"0\" alt=\"34474874_1826098894140334_7569709662530961408_n\" src=\"http:\/\/www.saloanoticias.com\/v1\/wp-content\/uploads\/imagens\/34474874_1826098894140334_7569709662530961408_n_thumb_20fd8b29d8f755ae4304e5572a1d7d96.jpg\" width=\"1439\" height=\"960\"><\/a><\/p>\n<p align=\"justify\"><font size=\"3\" face=\"Arial\">Paulo foi recebido carinhosamente pelos saloaenses representados pelo prefeito Ricardo Alves e os vereadores Ivan do Co\u00eama, Jr. de Rivaldo, Tisley Vicente, Ronaldinho, Eduardo, Beto da Sa\u00fade, Jamel\u00e3o, Vilma da Prata e Reinaldo Martins. O evento aconteceu no Loteamento Areias, ao lado da COMPESA, local em que os pol\u00edticos cortaram a faixa inaugurando a t\u00e3o esperada Adutora da Prata, que desde o ano passado tem levado \u00e1gua de boa qualidade para a sede do Munic\u00edpio.<\/font><\/p>\n<p align=\"justify\"><a href=\"http:\/\/www.saloanoticias.com\/images\/34093521_1698143570251203_6562721770728587264_n_d9d87dfa319c5fc1b84c3a897324d40c.jpg\"><img loading=\"lazy\" decoding=\"async\" title=\"34093521_1698143570251203_6562721770728587264_n\" style=\"border-top: 0px; border-right: 0px; background-image: none; border-bottom: 0px; float: none; padding-top: 0px; padding-left: 0px; margin-left: auto; border-left: 0px; display: block; padding-right: 0px; margin-right: auto\" border=\"0\" alt=\"34093521_1698143570251203_6562721770728587264_n\" src=\"http:\/\/www.saloanoticias.com\/v1\/wp-content\/uploads\/imagens\/34093521_1698143570251203_6562721770728587264_n_thumb_232ce8f5120394a9b529641357392c3a.jpg\" width=\"1439\" height=\"959\"><\/a><\/p>\n<p align=\"justify\"><font size=\"3\" face=\"Arial\">No discurso do governador muito agradecimento ao prefeito e a popula\u00e7\u00e3o saloaense pelo carinho e receptividade. Ele falou que apesar da crise que assola a na\u00e7\u00e3o brasileira o Estado de Pernambuco vem honrando seus compromissos com seus funcion\u00e1rios e ainda realizando obras em todas as regi\u00f5es, o que n\u00e3o acontece em outros estados da federa\u00e7\u00e3o. Depois de inaugurada a Adutora da Prata, C\u00e2mara assinou um projeto de lei enviada a Assembleia Legislativa que nomeia a PE 216 de Rivaldo Alves de Souza em homenagem ao ex-prefeito falecido em maio passado.<\/font><\/p>\n<p align=\"justify\"><a href=\"http:\/\/www.saloanoticias.com\/images\/whatsapp-image-2018-06-08-at-12.21.48.jpg\"><img loading=\"lazy\" decoding=\"async\" title=\"WhatsApp Image 2018-06-08 at 12.21.48\" style=\"border-top: 0px; border-right: 0px; background-image: none; border-bottom: 0px; float: none; padding-top: 0px; padding-left: 0px; margin-left: auto; border-left: 0px; display: block; padding-right: 0px; margin-right: auto\" border=\"0\" alt=\"WhatsApp Image 2018-06-08 at 12.21.48\" src=\"http:\/\/www.saloanoticias.com\/v1\/wp-content\/uploads\/imagens\/whatsapp-image-2018-06-08-at-12.21.48_thumb.jpg\" width=\"1428\" height=\"952\"><\/a><\/p>\n<p align=\"justify\"><font size=\"3\" face=\"Arial\">Nesta mesma solenidade foram entregues kits de produ\u00e7\u00e3o rural aos agricultores locais com a presen\u00e7a do presidente do STR, Sr. Jos\u00e9 Ferreira da Silva, o conhecido Z\u00e9 do Padre. Um dos pontos altos da festa foi quando Paulo anunciou que ainda este ano dar\u00e1 ordem de servi\u00e7o para a constru\u00e7\u00e3o do asfalto que liga Salo\u00e1 \u00e0 Bom Conselho, neste momento todos aplaudiram o gestor, j\u00e1 que \u00e9 um sonho antigo da popula\u00e7\u00e3o dos dois munic\u00edpios.<\/font><\/p>\n<p align=\"justify\"><a href=\"http:\/\/www.saloanoticias.com\/images\/whatsapp-image-2018-06-08-at-12.21.48-1.jpg\"><img loading=\"lazy\" decoding=\"async\" title=\"WhatsApp Image 2018-06-08 at 12.21.48 (1)\" style=\"border-top: 0px; border-right: 0px; background-image: none; border-bottom: 0px; float: none; padding-top: 0px; padding-left: 0px; margin-left: auto; border-left: 0px; display: block; padding-right: 0px; margin-right: auto\" border=\"0\" alt=\"WhatsApp Image 2018-06-08 at 12.21.48 (1)\" src=\"http:\/\/www.saloanoticias.com\/v1\/wp-content\/uploads\/imagens\/whatsapp-image-2018-06-08-at-12.21.48-1_thumb.jpg\" width=\"1429\" height=\"953\"><\/a><\/p>\n<p align=\"justify\"><font size=\"3\" face=\"Arial\">Paulo tamb\u00e9m foi bem claro que faz oposi\u00e7\u00e3o ao presidente Michel Temer e seu governo, dizendo que este grupo tem prejudicado os trabalhadores do pa\u00eds. O governador estava acompanhado por v\u00e1rios prefeitos da regi\u00e3o dentre eles, D\u00e9bora Almeida de S\u00e3o Bento do Una, Beta Cadengue de Brej\u00e3o, Rossine de Lajedo, Valmir do Leite de Paranatama, Marcelo de Jucati, Douglas de Angelim, Armando Duarte de Caet\u00e9s, Neide Reino de Capoeiras, Danilo Godoy de Bom Conselho e v\u00e1rias outras autoridades, como o presidente da COMPESA Roberto Tavares. Depois das inaugura\u00e7\u00f5es todos se dirigiram \u00e0 casa do prefeito Ricardo Alves para um jantar com a presen\u00e7a da popula\u00e7\u00e3o.<\/font><\/p>\n<div style=\"margin-top: 0px; margin-bottom: 0px;\" class=\"sharethis-inline-share-buttons\" ><\/div>","protected":false},"excerpt":{"rendered":"<p>O governador Paulo C\u00e2mara (PSB) esteve na cidade de Salo\u00e1 na noite desta quinta-feira, dia 7 de junho de 2018 inaugurando obras e anunciado novas a\u00e7\u00f5es que chegar\u00e3o ao Munic\u00edpio ainda este ano. Paulo estava acompanhado pelos deputados federais Danilo Cabral (PSB), que foi majorit\u00e1rio nas \u00faltimas elei\u00e7\u00f5es na cidade, e Gonzaga Patriota, dos estaduais [&hellip;]<\/p>\n","protected":false},"author":1,"featured_media":0,"comment_status":"open","ping_status":"open","sticky":false,"template":"","format":"standard","meta":{"footnotes":""},"categories":[2],"tags":[],"class_list":["post-4082","post","type-post","status-publish","format-standard","hentry","category-noticias-do-dia"],"_links":{"self":[{"href":"https:\/\/www.saloanoticias.com\/v1\/wp-json\/wp\/v2\/posts\/4082","targetHints":{"allow":["GET"]}}],"collection":[{"href":"https:\/\/www.saloanoticias.com\/v1\/wp-json\/wp\/v2\/posts"}],"about":[{"href":"https:\/\/www.saloanoticias.com\/v1\/wp-json\/wp\/v2\/types\/post"}],"author":[{"embeddable":true,"href":"https:\/\/www.saloanoticias.com\/v1\/wp-json\/wp\/v2\/users\/1"}],"replies":[{"embeddable":true,"href":"https:\/\/www.saloanoticias.com\/v1\/wp-json\/wp\/v2\/comments?post=4082"}],"version-history":[{"count":0,"href":"https:\/\/www.saloanoticias.com\/v1\/wp-json\/wp\/v2\/posts\/4082\/revisions"}],"wp:attachment":[{"href":"https:\/\/www.saloanoticias.com\/v1\/wp-json\/wp\/v2\/media?parent=4082"}],"wp:term":[{"taxonomy":"category","embeddable":true,"href":"https:\/\/www.saloanoticias.com\/v1\/wp-json\/wp\/v2\/categories?post=4082"},{"taxonomy":"post_tag","embeddable":true,"href":"https:\/\/www.saloanoticias.com\/v1\/wp-json\/wp\/v2\/tags?post=4082"}],"curies":[{"name":"wp","href":"https:\/\/api.w.org\/{rel}","templated":true}]}}