{"id":4081,"date":"2018-06-07T13:00:00","date_gmt":"2018-06-07T13:00:00","guid":{"rendered":"https:\/\/saloanoticias.mrmediaweb.com\/v1\/2018\/06\/07\/fundacao-telefonica-vivo-inicia-atividades-do-programa-assessoria-plugad-em-saloa\/"},"modified":"2018-06-07T13:00:00","modified_gmt":"2018-06-07T13:00:00","slug":"fundacao-telefonica-vivo-inicia-atividades-do-programa-assessoria-plugad-em-saloa","status":"publish","type":"post","link":"https:\/\/www.saloanoticias.com\/v1\/fundacao-telefonica-vivo-inicia-atividades-do-programa-assessoria-plugad-em-saloa\/","title":{"rendered":"TELEF\u00d4NICA VIVO INICIA ATIVIDADES DO \u201cASSESSORIA PLUGAD@\u201d EM SALO\u00c1"},"content":{"rendered":"<p align=\"justify\"><font size=\"3\" face=\"Arial\"><a href=\"http:\/\/www.saloanoticias.com\/images\/telefonica-vivo.jpg\"><img loading=\"lazy\" decoding=\"async\" title=\"Telefonica Vivo\" style=\"border-top: 0px; border-right: 0px; background-image: none; border-bottom: 0px; float: none; padding-top: 0px; padding-left: 0px; margin: 0px auto 10px; border-left: 0px; display: block; padding-right: 0px\" border=\"0\" alt=\"Telefonica Vivo\" src=\"http:\/\/www.saloanoticias.com\/v1\/wp-content\/uploads\/imagens\/telefonica-vivo_thumb.jpg\" width=\"1487\" height=\"837\"><\/a>A Funda\u00e7\u00e3o Telef\u00f4nica Vivo (FTV) possui uma s\u00e9rie de a\u00e7\u00f5es que podem ser desenvolvidas nos munic\u00edpios que faz parceria. Dentre essas a\u00e7\u00f5es, em Salo\u00e1 j\u00e1 acontecem duas: Inova Escola, que \u00e9 forma\u00e7\u00e3o para professores com objetivo de despertar a inova\u00e7\u00e3o para as aulas, independente da s\u00e9rie\/ano e disciplina; e a outra \u00e9 a Assessoria Plugad@, que tem o objetivo de, junto a equipe t\u00e9cnica da rede municipal de ensino, identificar o que h\u00e1 de melhor, o que precisa ser melhorado e como resolver esses problemas, al\u00e9m de construir estrat\u00e9gias para promover a inova\u00e7\u00e3o nas escolas.<\/font> <\/p>\n<p align=\"justify\"><font size=\"3\" face=\"Arial\">Durante os dias 4 e 5 de Junho, Faustina Justo e Beto Silva vieram a Salo\u00e1 e estiveram reunidos com a equipe t\u00e9cnica que ser\u00e1 respons\u00e1vel por desenvolver as estrat\u00e9gias no munic\u00edpio. \u00c9 um trabalho que ser\u00e1 realizado durante o ano de 2018 contando com o processo formativo, participa\u00e7\u00e3o de laborat\u00f3rios e planejamento dos estudos. <\/font><font size=\"3\" face=\"Arial\">Com isso, Salo\u00e1 recebe um investimento muito valioso no que se refere a assessoria t\u00e9cnica nesse quesito, pois se trata de uma institui\u00e7\u00e3o s\u00e9ria que se preocupa com a qualidade da educa\u00e7\u00e3o p\u00fablica, buscando auxiliar da melhor forma poss\u00edvel atrav\u00e9s de projetos inovadores.<\/font> <\/p>\n<p align=\"justify\"><font size=\"3\" face=\"Arial\">\u201cAcredito que essa parceria acontece em um momento prop\u00edcio para repensar o nosso processo educativo. A assessoria vem para construir com a rede e n\u00e3o para impor \u00e0 rede, o que \u00e9 de muita valia, pois n\u00e3o receberemos algo pronto para executar, vamos construir e executar nossas pr\u00f3prias a\u00e7\u00f5es para nossa realidade.\u201d Pontua o Diretor de Ensino, Herlan Ten\u00f3rio. <\/font><font size=\"2\" face=\"Arial\"><strong>Ascom Salo\u00e1 (foto: Fellipe Gomes)<\/strong><\/font><\/p>\n<div style=\"margin-top: 0px; margin-bottom: 0px;\" class=\"sharethis-inline-share-buttons\" ><\/div>","protected":false},"excerpt":{"rendered":"<p>A Funda\u00e7\u00e3o Telef\u00f4nica Vivo (FTV) possui uma s\u00e9rie de a\u00e7\u00f5es que podem ser desenvolvidas nos munic\u00edpios que faz parceria. Dentre essas a\u00e7\u00f5es, em Salo\u00e1 j\u00e1 acontecem duas: Inova Escola, que \u00e9 forma\u00e7\u00e3o para professores com objetivo de despertar a inova\u00e7\u00e3o para as aulas, independente da s\u00e9rie\/ano e disciplina; e a outra \u00e9 a Assessoria Plugad@, [&hellip;]<\/p>\n","protected":false},"author":1,"featured_media":0,"comment_status":"open","ping_status":"open","sticky":false,"template":"","format":"standard","meta":{"footnotes":""},"categories":[2],"tags":[],"class_list":["post-4081","post","type-post","status-publish","format-standard","hentry","category-noticias-do-dia"],"_links":{"self":[{"href":"https:\/\/www.saloanoticias.com\/v1\/wp-json\/wp\/v2\/posts\/4081","targetHints":{"allow":["GET"]}}],"collection":[{"href":"https:\/\/www.saloanoticias.com\/v1\/wp-json\/wp\/v2\/posts"}],"about":[{"href":"https:\/\/www.saloanoticias.com\/v1\/wp-json\/wp\/v2\/types\/post"}],"author":[{"embeddable":true,"href":"https:\/\/www.saloanoticias.com\/v1\/wp-json\/wp\/v2\/users\/1"}],"replies":[{"embeddable":true,"href":"https:\/\/www.saloanoticias.com\/v1\/wp-json\/wp\/v2\/comments?post=4081"}],"version-history":[{"count":0,"href":"https:\/\/www.saloanoticias.com\/v1\/wp-json\/wp\/v2\/posts\/4081\/revisions"}],"wp:attachment":[{"href":"https:\/\/www.saloanoticias.com\/v1\/wp-json\/wp\/v2\/media?parent=4081"}],"wp:term":[{"taxonomy":"category","embeddable":true,"href":"https:\/\/www.saloanoticias.com\/v1\/wp-json\/wp\/v2\/categories?post=4081"},{"taxonomy":"post_tag","embeddable":true,"href":"https:\/\/www.saloanoticias.com\/v1\/wp-json\/wp\/v2\/tags?post=4081"}],"curies":[{"name":"wp","href":"https:\/\/api.w.org\/{rel}","templated":true}]}}