{"id":4080,"date":"2018-06-07T00:56:00","date_gmt":"2018-06-07T00:56:00","guid":{"rendered":"https:\/\/saloanoticias.mrmediaweb.com\/v1\/2018\/06\/07\/paulo-camara-leva-agua-para-caetes-e-capoeiras\/"},"modified":"2018-06-07T00:56:00","modified_gmt":"2018-06-07T00:56:00","slug":"paulo-camara-leva-agua-para-caetes-e-capoeiras","status":"publish","type":"post","link":"https:\/\/www.saloanoticias.com\/v1\/paulo-camara-leva-agua-para-caetes-e-capoeiras\/","title":{"rendered":"PAULO C\u00c2MARA LEVA \u00c1GUA PARA CAET\u00c9S E CAPOEIRAS"},"content":{"rendered":"<p align=\"justify\"><font size=\"3\" face=\"Arial\"><a href=\"http:\/\/www.saloanoticias.com\/images\/34474874_1826098894140334_7569709662530961408_n.jpg\"><img loading=\"lazy\" decoding=\"async\" title=\"34474874_1826098894140334_7569709662530961408_n\" style=\"border-top: 0px; border-right: 0px; background-image: none; border-bottom: 0px; float: none; padding-top: 0px; padding-left: 0px; margin: 0px auto 10px; border-left: 0px; display: block; padding-right: 0px\" border=\"0\" alt=\"34474874_1826098894140334_7569709662530961408_n\" src=\"http:\/\/www.saloanoticias.com\/v1\/wp-content\/uploads\/imagens\/34474874_1826098894140334_7569709662530961408_n_thumb.jpg\" width=\"1434\" height=\"939\"><\/a>CAET\u00c9S \u2013 Em visita ao Agreste Meridional, nesta quarta-feira (06.06), o governador Paulo C\u00e2mara assinou a Ordem de Servi\u00e7o para o in\u00edcio das obras de implanta\u00e7\u00e3o do novo Sistema Adutor, a partir da Esta\u00e7\u00e3o de Tratamento de \u00c1gua de Garanhuns, para abastecimento dos munic\u00edpios de Caet\u00e9s e Capoeiras. A interven\u00e7\u00e3o contar\u00e1 com um investimento R$ 10,1 milh\u00f5es, beneficiando cerca de 15 mil habitantes. Na oportunidade, Paulo tamb\u00e9m entregou 225 kits de car\u00e1ter produtivo para agricultores da Zona Rural de Caet\u00e9s. A a\u00e7\u00e3o integra o Programa Segunda \u00c1gua (Cisternas Cal\u00e7ad\u00e3o), em parceria com o Minist\u00e9rio de Desenvolvimento Social, o qual prev\u00ea a entrega de 15.500 kits, durante este ano, para 87 munic\u00edpios pernambucanos. <\/font><\/p>\n<p align=\"justify\"><font size=\"3\" face=\"Arial\">\u201cEstamos aqui assinando uma ordem de servi\u00e7o, de uma obra de 10 milh\u00f5es de reais, que vai trazer \u00e1gua, tanto para Caet\u00e9s quanto para Capoeiras, a partir dessa adutora que estamos construindo. E com a certeza de que n\u00f3s estamos enfrentando os problemas h\u00eddricos de Pernambuco com obras, projetos e, acima de tudo, com a capacidade de fazer parcerias. Tenho certeza de que foram anos muito dif\u00edceis de seca, mas n\u00f3s investimos, priorizamos a \u00e1gua e estamos tirando do papel obras que h\u00e1 muito tempo os prefeitos da regi\u00e3o esperam. Ent\u00e3o, eu tenho certeza de que, daqui a seis meses, n\u00f3s vamos voltar aqui para inaugurar essa obra, certos de que as pessoas v\u00e3o ter muito mais qualidade de vida com a garantia de que v\u00e3o ter \u00e1gua em suas torneiras&#8221;, frisou o governador.<\/font> <\/p>\n<p align=\"justify\"><a href=\"http:\/\/www.saloanoticias.com\/images\/a-logomarca-da-prefeitura---cpia_da3e0d21edf80882df4d2b3c8ebb3a30.jpg\"><img loading=\"lazy\" decoding=\"async\" title=\"A Logomarca da Prefeitura - C&oacute;pia\" style=\"border-top: 0px; border-right: 0px; background-image: none; border-bottom: 0px; float: right; padding-top: 0px; padding-left: 0px; margin: 5px 0px 0px 5px; border-left: 0px; display: inline; padding-right: 0px\" border=\"0\" alt=\"A Logomarca da Prefeitura - C&oacute;pia\" src=\"http:\/\/www.saloanoticias.com\/v1\/wp-content\/uploads\/imagens\/a-logomarca-da-prefeitura---cpia_thumb_5656746e8659b006cc1cf75ed655f056.jpg\" width=\"378\" align=\"right\" height=\"252\"><\/a> <\/p>\n<p align=\"justify\"><font size=\"3\" face=\"Arial\">O presidente da Compesa, Roberto Tavares, destacou a import\u00e2ncia do novo equipamento para a melhoria da qualidade de vida da popula\u00e7\u00e3o local e detalhou a obra. \u201cUma adutora de 28 quil\u00f4metros de tubula\u00e7\u00f5es, com capacidade para transportar 25 litros por segundo, que vai trazer agua tratada de Garanhuns para abastecer as cidades de Capoeiras e Caet\u00e9s. Uma obra que vai mudar a realidade dessa regi\u00e3o, que n\u00e3o vai mas depender da barragem do Buj\u00e3o&#8221;, explicou. O prazo para conclus\u00e3o das obras \u00e9 de seis meses. <\/font> <\/p>\n<p align=\"justify\"><font size=\"3\" face=\"Arial\">AGRICULTURA FAMILIAR \u2013 Os 225 kits entregues no munic\u00edpio de Caet\u00e9s fazem parte de um total de 15.500 kits que est\u00e3o sendo entregues, em 2018, para 87 munic\u00edpios pernambucanos. Ao todo, o Programa Segunda \u00c1gua (Cisternas Cal\u00e7ad\u00e3o), financiado com recursos do Governo Federal, via Minist\u00e9rio de Desenvolvimento Social, est\u00e1 investindo R$ 22 milh\u00f5es nesta a\u00e7\u00e3o. Cada kit de produ\u00e7\u00e3o de forragem animal cont\u00e9m, a escolher: Kit Ro\u00e7adeira (uma ro\u00e7adeira semi-florestal com 3 itens acess\u00f3rios, de corte de arbustos, capineira e ro\u00e7o; uma bota e um \u00f3culos de prote\u00e7\u00e3o) ou Kit Forrageira (uma forrageira com cabo de extens\u00e3o el\u00e9trico de 10 metros). &#8220;Mais uma importante entrega que o governador faz quest\u00e3o de acompanhar porque entende a import\u00e2ncia dessa a\u00e7\u00e3o para o desenvolvimento da nossa agricultura familiar&#8221;, destacou o secret\u00e1rio estadual de Agricultura e Reforma Agr\u00e1ria, Wellington Batista.<\/font> <\/p>\n<p align=\"justify\"><font size=\"3\" face=\"Arial\">Uma das agricultoras beneficiadas foi Morgana Costa, que tamb\u00e9m \u00e9 presidente da Associa\u00e7\u00e3o do S\u00edtio Quitonga. Moradora da Zona Rural, ela falou o que muda na sua vida a partir de agora. \u201c\u00c9 muito importante para o munic\u00edpio, principalmente as a\u00e7\u00f5es de \u00e1gua, porque temos muita falta de \u00e1gua aqui e essa adutora vai melhorar, e muito, o nosso abastecimento. Tamb\u00e9m \u00e9 importante o car\u00e1ter produtivo para os agricultores, na quest\u00e3o da forrageira, que \u00e9 o que faz a alimenta\u00e7\u00e3o para os animais e tamb\u00e9m a ro\u00e7adeira, que faz a capina\u00e7\u00e3o do mato do campo. Vai mudar muita coisa na vida da gente, principalmente na parte de cria\u00e7\u00e3o de animais e tamb\u00e9m da alimenta\u00e7\u00e3o deles. Ter \u00e1gua na torneira \u00e9 muito bom para todos n\u00f3s\u201d, declarou.<\/font> <\/p>\n<p align=\"justify\"><a href=\"http:\/\/www.saloanoticias.com\/images\/34093521_1698143570251203_6562721770728587264_n_1935a13498c16f6d2ee269b05fe46421.jpg\"><img loading=\"lazy\" decoding=\"async\" title=\"34093521_1698143570251203_6562721770728587264_n\" style=\"border-top: 0px; border-right: 0px; background-image: none; border-bottom: 0px; float: left; padding-top: 0px; padding-left: 0px; margin: 5px 5px 0px 0px; border-left: 0px; display: inline; padding-right: 0px\" border=\"0\" alt=\"34093521_1698143570251203_6562721770728587264_n\" src=\"http:\/\/www.saloanoticias.com\/v1\/wp-content\/uploads\/imagens\/34093521_1698143570251203_6562721770728587264_n_thumb_aabf298a66de51c25e8971cd89e66d18.jpg\" width=\"442\" align=\"left\" height=\"295\"><\/a> <\/p>\n<p align=\"justify\"><font size=\"3\" face=\"Arial\">O anfitri\u00e3o, o prefeito Armando Duarte, agradeceu a parceria com o Governo do Estado e se comprometeu a continuar empenhado na busca do desenvolvimento do povo de Caet\u00e9s. &#8220;Eu tenho certeza que com essa obra que chega para o nosso munic\u00edpio vai fazer a diferen\u00e7a na vida do nosso povo. Eu quero tamb\u00e9m agradecer ao nosso secret\u00e1rio de agricultura, que est\u00e1 trazendo 225 kits para a nossa agricultura familiar. \u00c9 um ato de muita import\u00e2ncia. A prefeitura continua fazendo um trabalho junto com uma equipe competente, para que a gente possa cada dia mais se orgulhar e dizer: &#8216;eu sou e moro em Caet\u00e9s&#8217;\u201d, ressaltou o gestor. O mesmo sentimento foi compartilhado pela prefeita de Capoeiras, Neide Reino, cidade que tamb\u00e9m ser\u00e1 atendida pelo sistema adutor. &#8220;A gente sabe o que \u00e9 sofrer com a falta de \u00e1gua, ent\u00e3o fico muito feliz em poder levar essa not\u00edcia para a popula\u00e7\u00e3o de Capoeiras&#8221;, disse.<\/font> <\/p>\n<p align=\"justify\"><font size=\"3\" face=\"Arial\">Estiveram presentes tamb\u00e9m na ocasi\u00e3o os deputados estaduais Marcantonio Dourado e Claudiano Filho; os prefeitos Expedito Nogueira (Cal\u00e7ado), Beta Cadengue (Brej\u00e3o), Ant\u00f4nio Souza (Iati), Ednaldo Peixoto (Jucati), Marcos Patriota (Jupi), D\u00e9bora Almeida (S\u00e3o Bendo do Una), Marcelo Neves (Palmeirina)e Valdir do Leite (Paranatama); al\u00e9m do vice-prefeito de Caet\u00e9s, Severino Gordo; os ex-prefeitos Sandoval Cadengue, de Brej\u00e3o, e Lindolfo Almeida, de Caet\u00e9s; o presidente da C\u00e2mara Municipal de Caet\u00e9s, o vereador Irm\u00e3o Naldinho; o diretor regional do interior da Compesa, Marconi Azevedo; e o diretor de Articula\u00e7\u00e3o e Meio Ambiente da Compesa, Aldo Santos. <\/font><font size=\"2\" face=\"Arial\"><strong>Fotos: H\u00e9lia Scheppa\/SEI<\/strong><\/font><\/p>\n<div style=\"margin-top: 0px; margin-bottom: 0px;\" class=\"sharethis-inline-share-buttons\" ><\/div>","protected":false},"excerpt":{"rendered":"<p>CAET\u00c9S \u2013 Em visita ao Agreste Meridional, nesta quarta-feira (06.06), o governador Paulo C\u00e2mara assinou a Ordem de Servi\u00e7o para o in\u00edcio das obras de implanta\u00e7\u00e3o do novo Sistema Adutor, a partir da Esta\u00e7\u00e3o de Tratamento de \u00c1gua de Garanhuns, para abastecimento dos munic\u00edpios de Caet\u00e9s e Capoeiras. A interven\u00e7\u00e3o contar\u00e1 com um investimento R$ [&hellip;]<\/p>\n","protected":false},"author":1,"featured_media":0,"comment_status":"open","ping_status":"open","sticky":false,"template":"","format":"standard","meta":{"footnotes":""},"categories":[2],"tags":[],"class_list":["post-4080","post","type-post","status-publish","format-standard","hentry","category-noticias-do-dia"],"_links":{"self":[{"href":"https:\/\/www.saloanoticias.com\/v1\/wp-json\/wp\/v2\/posts\/4080","targetHints":{"allow":["GET"]}}],"collection":[{"href":"https:\/\/www.saloanoticias.com\/v1\/wp-json\/wp\/v2\/posts"}],"about":[{"href":"https:\/\/www.saloanoticias.com\/v1\/wp-json\/wp\/v2\/types\/post"}],"author":[{"embeddable":true,"href":"https:\/\/www.saloanoticias.com\/v1\/wp-json\/wp\/v2\/users\/1"}],"replies":[{"embeddable":true,"href":"https:\/\/www.saloanoticias.com\/v1\/wp-json\/wp\/v2\/comments?post=4080"}],"version-history":[{"count":0,"href":"https:\/\/www.saloanoticias.com\/v1\/wp-json\/wp\/v2\/posts\/4080\/revisions"}],"wp:attachment":[{"href":"https:\/\/www.saloanoticias.com\/v1\/wp-json\/wp\/v2\/media?parent=4080"}],"wp:term":[{"taxonomy":"category","embeddable":true,"href":"https:\/\/www.saloanoticias.com\/v1\/wp-json\/wp\/v2\/categories?post=4080"},{"taxonomy":"post_tag","embeddable":true,"href":"https:\/\/www.saloanoticias.com\/v1\/wp-json\/wp\/v2\/tags?post=4080"}],"curies":[{"name":"wp","href":"https:\/\/api.w.org\/{rel}","templated":true}]}}