{"id":4079,"date":"2018-06-06T11:19:00","date_gmt":"2018-06-06T11:19:00","guid":{"rendered":"https:\/\/saloanoticias.mrmediaweb.com\/v1\/2018\/06\/06\/danilo-quer-a-reducao-do-preco-do-diesel-tambem-aplicada-a-gasolina\/"},"modified":"2018-06-06T11:19:00","modified_gmt":"2018-06-06T11:19:00","slug":"danilo-quer-a-reducao-do-preco-do-diesel-tambem-aplicada-a-gasolina","status":"publish","type":"post","link":"https:\/\/www.saloanoticias.com\/v1\/danilo-quer-a-reducao-do-preco-do-diesel-tambem-aplicada-a-gasolina\/","title":{"rendered":"DANILO QUER A REDU\u00c7\u00c3O DO PRE\u00c7O DO DIESEL TAMB\u00c9M APLICADA \u00c0 GASOLINA"},"content":{"rendered":"<p align=\"justify\"><font size=\"3\" face=\"Arial\"><a href=\"http:\/\/www.saloanoticias.com\/images\/40903563442_953c1e2003_o-1.jpg\"><img loading=\"lazy\" decoding=\"async\" title=\"40903563442_953c1e2003_o (1)\" style=\"border-left-width: 0px; border-right-width: 0px; background-image: none; border-bottom-width: 0px; float: left; padding-top: 0px; padding-left: 0px; margin: 5px 5px 0px 0px; display: inline; padding-right: 0px; border-top-width: 0px\" border=\"0\" alt=\"40903563442_953c1e2003_o (1)\" src=\"http:\/\/www.saloanoticias.com\/v1\/wp-content\/uploads\/imagens\/40903563442_953c1e2003_o-1_thumb.jpg\" width=\"339\" align=\"left\" height=\"226\"><\/a>O Deputado Danilo Cabral (PSB\/PE) protocolou, nesta ter\u00e7a-feira (5), emendas \u00e0 Medida Provis\u00f3ria n\u00ba 838\/2018, que trata das altera\u00e7\u00f5es econ\u00f4micas \u00e0 comercializa\u00e7\u00e3o do \u00f3leo diesel. A medida foi constru\u00edda durante o per\u00edodo de paralisa\u00e7\u00e3o dos caminhoneiros. <\/font><font size=\"3\" face=\"Arial\">Uma das emendas pede a inclus\u00e3o da gasolina na MP, pois a medida s\u00f3 trata do \u00f3leo diesel. Danilo acredita que sem a diminui\u00e7\u00e3o do valor da gasolina, o cidad\u00e3o comum paga tr\u00eas vezes mais.<\/font>  <\/p>\n<p align=\"justify\"><font size=\"3\" face=\"Arial\">\u201cEle suporta integralmente o aumento da gasolina, sofre impacto do repasse do aumento do diesel, e ainda arca, sob a forma de novos impostos ou do enxugamento de despesas prim\u00e1rias, o custo da pr\u00f3pria deprava\u00e7\u00e3o\u201d, explica. <\/font><font size=\"3\" face=\"Arial\">Como presidente da Comiss\u00e3o de Educa\u00e7\u00e3o, Danilo tamb\u00e9m ressalta a preocupa\u00e7\u00e3o com a retirada dos recursos da \u00e1rea para sanar o valor da diminui\u00e7\u00e3o do diesel. \u201cO financiamento da educa\u00e7\u00e3o, ao inv\u00e9s de estar sendo ampliado, est\u00e1 sendo reduzido\u201d, explica. <\/font> <\/p>\n<p align=\"justify\"><font size=\"3\" face=\"Arial\">A sa\u00fade tamb\u00e9m est\u00e1 sendo prejudicada e o socialista defende que \u201c\u00e9 preciso atentar aos recursos que est\u00e3o sendo cortados. A MP j\u00e1 retirou verba do Financiamento Estudantil e a Assist\u00eancia Social j\u00e1 est\u00e1 sucateada. N\u00e3o \u00e9 justo prejudicar a sa\u00fade e a educa\u00e7\u00e3o, que deveriam ser \u00e1reas preservadas\u201d, afirma Danilo. <\/font><font size=\"3\" face=\"Arial\">Outra emenda apresentada solicita uma transpar\u00eancia acerca dos valores a serem cobrados. No texto original, n\u00e3o h\u00e1 a necessidade de acompanhamento da aplica\u00e7\u00e3o de tais recursos, e o parlamentar defende que \u00e9 a presta\u00e7\u00e3o de contas \u00e9 primordial para evitar desvios. \u201cSubven\u00e7\u00f5es S\u00e3o recursos p\u00fablicos. Logo, o cidad\u00e3o tem direito de saber a quem foi concedido. Por isso queremos que os beneficiados sejam do conhecimento da sociedade\u201d, defende o parlamentar.<\/font><\/p>\n<div style=\"margin-top: 0px; margin-bottom: 0px;\" class=\"sharethis-inline-share-buttons\" ><\/div>","protected":false},"excerpt":{"rendered":"<p>O Deputado Danilo Cabral (PSB\/PE) protocolou, nesta ter\u00e7a-feira (5), emendas \u00e0 Medida Provis\u00f3ria n\u00ba 838\/2018, que trata das altera\u00e7\u00f5es econ\u00f4micas \u00e0 comercializa\u00e7\u00e3o do \u00f3leo diesel. A medida foi constru\u00edda durante o per\u00edodo de paralisa\u00e7\u00e3o dos caminhoneiros. Uma das emendas pede a inclus\u00e3o da gasolina na MP, pois a medida s\u00f3 trata do \u00f3leo diesel. Danilo [&hellip;]<\/p>\n","protected":false},"author":1,"featured_media":0,"comment_status":"open","ping_status":"open","sticky":false,"template":"","format":"standard","meta":{"footnotes":""},"categories":[2],"tags":[],"class_list":["post-4079","post","type-post","status-publish","format-standard","hentry","category-noticias-do-dia"],"_links":{"self":[{"href":"https:\/\/www.saloanoticias.com\/v1\/wp-json\/wp\/v2\/posts\/4079","targetHints":{"allow":["GET"]}}],"collection":[{"href":"https:\/\/www.saloanoticias.com\/v1\/wp-json\/wp\/v2\/posts"}],"about":[{"href":"https:\/\/www.saloanoticias.com\/v1\/wp-json\/wp\/v2\/types\/post"}],"author":[{"embeddable":true,"href":"https:\/\/www.saloanoticias.com\/v1\/wp-json\/wp\/v2\/users\/1"}],"replies":[{"embeddable":true,"href":"https:\/\/www.saloanoticias.com\/v1\/wp-json\/wp\/v2\/comments?post=4079"}],"version-history":[{"count":0,"href":"https:\/\/www.saloanoticias.com\/v1\/wp-json\/wp\/v2\/posts\/4079\/revisions"}],"wp:attachment":[{"href":"https:\/\/www.saloanoticias.com\/v1\/wp-json\/wp\/v2\/media?parent=4079"}],"wp:term":[{"taxonomy":"category","embeddable":true,"href":"https:\/\/www.saloanoticias.com\/v1\/wp-json\/wp\/v2\/categories?post=4079"},{"taxonomy":"post_tag","embeddable":true,"href":"https:\/\/www.saloanoticias.com\/v1\/wp-json\/wp\/v2\/tags?post=4079"}],"curies":[{"name":"wp","href":"https:\/\/api.w.org\/{rel}","templated":true}]}}