{"id":4078,"date":"2018-06-05T23:07:00","date_gmt":"2018-06-05T23:07:00","guid":{"rendered":"https:\/\/saloanoticias.mrmediaweb.com\/v1\/2018\/06\/05\/valmir-do-leite-e-enilda-leonel-declaram-apoio-a-silvio-costa-ao-senado\/"},"modified":"2018-06-05T23:07:00","modified_gmt":"2018-06-05T23:07:00","slug":"valmir-do-leite-e-enilda-leonel-declaram-apoio-a-silvio-costa-ao-senado","status":"publish","type":"post","link":"https:\/\/www.saloanoticias.com\/v1\/valmir-do-leite-e-enilda-leonel-declaram-apoio-a-silvio-costa-ao-senado\/","title":{"rendered":"VALMIR DO LEITE (PSB) E ENILDA LEONEL (PTB) DECLARAM APOIO A SILVIO COSTA AO SENADO FEDERAL"},"content":{"rendered":"<p align=\"justify\"><font size=\"3\" face=\"Arial\"><a href=\"http:\/\/www.saloanoticias.com\/images\/34093521_1698143570251203_6562721770728587264_n_340abd9a17b11e1ba52bd556750821de.jpg\"><img loading=\"lazy\" decoding=\"async\" title=\"34093521_1698143570251203_6562721770728587264_n\" style=\"border-top: 0px; border-right: 0px; background-image: none; border-bottom: 0px; float: left; padding-top: 0px; padding-left: 0px; margin: 5px 5px 0px 0px; border-left: 0px; display: inline; padding-right: 0px\" border=\"0\" alt=\"34093521_1698143570251203_6562721770728587264_n\" src=\"http:\/\/www.saloanoticias.com\/v1\/wp-content\/uploads\/imagens\/34093521_1698143570251203_6562721770728587264_n_thumb_08823ed5552524185de954528ef661c4.jpg\" width=\"326\" align=\"left\" height=\"205\"><\/a>O deputado federal S\u00edlvio Costa (Avante) conseguiu unir, hoje, as duas for\u00e7as pol\u00edticas que disputam e lideram, h\u00e1 anos, a administra\u00e7\u00e3o municipal de Paranatama, no Agreste do Estado, em apoio \u00e0 sua pr\u00e9-candidatura ao Senado Federal. <\/font><font size=\"3\" face=\"Arial\">Vice-l\u00edder da oposi\u00e7\u00e3o ao governo Michel Temer (MDB), na C\u00e2mara Federal, S\u00edlvio Costa recebeu declara\u00e7\u00f5es p\u00fablicas de apoio do prefeito Jos\u00e9 Valmir Pimentel de G\u00f3is, o Valmir do Leite, do PSB \u2013 aliado do governador Paulo C\u00e2mara \u2013, e da l\u00edder da oposi\u00e7\u00e3o de Paranatama, Enilda Leonel, do PTB. <strong><font size=\"2\">Fonte: Blog do Magno Martins<\/font><\/strong><\/font><\/p>\n<div style=\"margin-top: 0px; margin-bottom: 0px;\" class=\"sharethis-inline-share-buttons\" ><\/div>","protected":false},"excerpt":{"rendered":"<p>O deputado federal S\u00edlvio Costa (Avante) conseguiu unir, hoje, as duas for\u00e7as pol\u00edticas que disputam e lideram, h\u00e1 anos, a administra\u00e7\u00e3o municipal de Paranatama, no Agreste do Estado, em apoio \u00e0 sua pr\u00e9-candidatura ao Senado Federal. Vice-l\u00edder da oposi\u00e7\u00e3o ao governo Michel Temer (MDB), na C\u00e2mara Federal, S\u00edlvio Costa recebeu declara\u00e7\u00f5es p\u00fablicas de apoio do [&hellip;]<\/p>\n","protected":false},"author":1,"featured_media":0,"comment_status":"open","ping_status":"open","sticky":false,"template":"","format":"standard","meta":{"footnotes":""},"categories":[2],"tags":[],"class_list":["post-4078","post","type-post","status-publish","format-standard","hentry","category-noticias-do-dia"],"_links":{"self":[{"href":"https:\/\/www.saloanoticias.com\/v1\/wp-json\/wp\/v2\/posts\/4078","targetHints":{"allow":["GET"]}}],"collection":[{"href":"https:\/\/www.saloanoticias.com\/v1\/wp-json\/wp\/v2\/posts"}],"about":[{"href":"https:\/\/www.saloanoticias.com\/v1\/wp-json\/wp\/v2\/types\/post"}],"author":[{"embeddable":true,"href":"https:\/\/www.saloanoticias.com\/v1\/wp-json\/wp\/v2\/users\/1"}],"replies":[{"embeddable":true,"href":"https:\/\/www.saloanoticias.com\/v1\/wp-json\/wp\/v2\/comments?post=4078"}],"version-history":[{"count":0,"href":"https:\/\/www.saloanoticias.com\/v1\/wp-json\/wp\/v2\/posts\/4078\/revisions"}],"wp:attachment":[{"href":"https:\/\/www.saloanoticias.com\/v1\/wp-json\/wp\/v2\/media?parent=4078"}],"wp:term":[{"taxonomy":"category","embeddable":true,"href":"https:\/\/www.saloanoticias.com\/v1\/wp-json\/wp\/v2\/categories?post=4078"},{"taxonomy":"post_tag","embeddable":true,"href":"https:\/\/www.saloanoticias.com\/v1\/wp-json\/wp\/v2\/tags?post=4078"}],"curies":[{"name":"wp","href":"https:\/\/api.w.org\/{rel}","templated":true}]}}