{"id":4077,"date":"2018-06-05T00:01:00","date_gmt":"2018-06-05T00:01:00","guid":{"rendered":"https:\/\/saloanoticias.mrmediaweb.com\/v1\/2018\/06\/05\/governador-paulo-camara-estara-em-saloa-na-proxima-quinta-feira-7\/"},"modified":"2018-06-05T00:01:00","modified_gmt":"2018-06-05T00:01:00","slug":"governador-paulo-camara-estara-em-saloa-na-proxima-quinta-feira-7","status":"publish","type":"post","link":"https:\/\/www.saloanoticias.com\/v1\/governador-paulo-camara-estara-em-saloa-na-proxima-quinta-feira-7\/","title":{"rendered":"GOVERNADOR PAULO C\u00c2MARA ESTAR\u00c1 EM SALO\u00c1 NA PR\u00d3XIMA QUINTA-FEIRA (7)"},"content":{"rendered":"<p align=\"justify\"><font size=\"3\" face=\"Arial\"><a href=\"http:\/\/www.saloanoticias.com\/images\/ricardo-e-cmara_01a6b61db2f49630733f73e542d568b7.jpg\"><img loading=\"lazy\" decoding=\"async\" title=\"Ricardo e C&acirc;mara\" style=\"border-top: 0px; border-right: 0px; background-image: none; border-bottom: 0px; float: none; padding-top: 0px; padding-left: 0px; margin: 0px auto 10px; border-left: 0px; display: block; padding-right: 0px\" border=\"0\" alt=\"Ricardo e C&acirc;mara\" src=\"http:\/\/www.saloanoticias.com\/v1\/wp-content\/uploads\/imagens\/ricardo-e-cmara_thumb_5e1c5f308e3139af93f154897323d37b.jpg\" width=\"1434\" height=\"950\"><\/a>O Prefeito Ricardo Alves (MDB) est\u00e1 convidando toda a popula\u00e7\u00e3o saloaense para receber o Governador Paulo C\u00e2mara (PSB) no Munic\u00edpio de Salo\u00e1\/PE na pr\u00f3xima quinta feira, dia 7 de junho. Na ocasi\u00e3o o Governador far\u00e1 a inaugura\u00e7\u00e3o de v\u00e1rias obras na cidade, dentre elas, a \u201cPavimenta\u00e7\u00e3o de Ruas\u201d e a da \u201cAdutora da Prata\u201d que est\u00e1 trazendo \u00e1gua de Iatec\u00e1 para Salo\u00e1, al\u00e9m da entrega de \u201cKit\u2019s de Produ\u00e7\u00e3o Agricola\u201d para os agricultores em parceria do STR de Salo\u00e1. Pelas informa\u00e7\u00f5es repassadas \u00e0 reda\u00e7\u00e3o do Blog, Paulo C\u00e2mara assinar\u00e1 ainda outras ordens de servi\u00e7os que beneficiar\u00e3o a popula\u00e7\u00e3o.<\/font> <\/p>\n<p align=\"justify\"><font size=\"3\" face=\"Arial\">Al\u00e9m do Governador Paulo C\u00e2mara, estar\u00e1 presente o Deputado Federal Danilo Cabral (PSB) e outras autoridades. O evento acontecer\u00e1 em frente ao pr\u00e9dio da Compesa \u00e0s 17h30m. <\/font><font size=\"3\" face=\"Arial\">Na oportunidade, o Prefeito Ricardo Alves divulgar\u00e1 oficialmente a Programa\u00e7\u00e3o do S\u00e3o Jo\u00e3o da Uni\u00e3o 2018, assunto bastante comentado na cidade, esperado pelos amantes das festividades juninas na cidade. <strong><font size=\"2\">Com informa\u00e7\u00f5es da ASCOM da Prefeitura Municipal de Salo\u00e1\/PE<\/font><\/strong><\/font><\/p>\n<div style=\"margin-top: 0px; margin-bottom: 0px;\" class=\"sharethis-inline-share-buttons\" ><\/div>","protected":false},"excerpt":{"rendered":"<p>O Prefeito Ricardo Alves (MDB) est\u00e1 convidando toda a popula\u00e7\u00e3o saloaense para receber o Governador Paulo C\u00e2mara (PSB) no Munic\u00edpio de Salo\u00e1\/PE na pr\u00f3xima quinta feira, dia 7 de junho. Na ocasi\u00e3o o Governador far\u00e1 a inaugura\u00e7\u00e3o de v\u00e1rias obras na cidade, dentre elas, a \u201cPavimenta\u00e7\u00e3o de Ruas\u201d e a da \u201cAdutora da Prata\u201d que [&hellip;]<\/p>\n","protected":false},"author":1,"featured_media":0,"comment_status":"open","ping_status":"open","sticky":false,"template":"","format":"standard","meta":{"footnotes":""},"categories":[2],"tags":[],"class_list":["post-4077","post","type-post","status-publish","format-standard","hentry","category-noticias-do-dia"],"_links":{"self":[{"href":"https:\/\/www.saloanoticias.com\/v1\/wp-json\/wp\/v2\/posts\/4077","targetHints":{"allow":["GET"]}}],"collection":[{"href":"https:\/\/www.saloanoticias.com\/v1\/wp-json\/wp\/v2\/posts"}],"about":[{"href":"https:\/\/www.saloanoticias.com\/v1\/wp-json\/wp\/v2\/types\/post"}],"author":[{"embeddable":true,"href":"https:\/\/www.saloanoticias.com\/v1\/wp-json\/wp\/v2\/users\/1"}],"replies":[{"embeddable":true,"href":"https:\/\/www.saloanoticias.com\/v1\/wp-json\/wp\/v2\/comments?post=4077"}],"version-history":[{"count":0,"href":"https:\/\/www.saloanoticias.com\/v1\/wp-json\/wp\/v2\/posts\/4077\/revisions"}],"wp:attachment":[{"href":"https:\/\/www.saloanoticias.com\/v1\/wp-json\/wp\/v2\/media?parent=4077"}],"wp:term":[{"taxonomy":"category","embeddable":true,"href":"https:\/\/www.saloanoticias.com\/v1\/wp-json\/wp\/v2\/categories?post=4077"},{"taxonomy":"post_tag","embeddable":true,"href":"https:\/\/www.saloanoticias.com\/v1\/wp-json\/wp\/v2\/tags?post=4077"}],"curies":[{"name":"wp","href":"https:\/\/api.w.org\/{rel}","templated":true}]}}