{"id":4076,"date":"2018-06-04T23:43:00","date_gmt":"2018-06-04T23:43:00","guid":{"rendered":"https:\/\/saloanoticias.mrmediaweb.com\/v1\/2018\/06\/04\/secretaria-de-educacao-de-saloa-comunica-o-retorno-das-aulas-no-municipio\/"},"modified":"2018-06-04T23:43:00","modified_gmt":"2018-06-04T23:43:00","slug":"secretaria-de-educacao-de-saloa-comunica-o-retorno-das-aulas-no-municipio","status":"publish","type":"post","link":"https:\/\/www.saloanoticias.com\/v1\/secretaria-de-educacao-de-saloa-comunica-o-retorno-das-aulas-no-municipio\/","title":{"rendered":"SECRETARIA DE EDUCA\u00c7\u00c3O COMUNICA O RETORNO DAS AULAS NO MUNIC\u00cdPIO"},"content":{"rendered":"<p align=\"justify\"><font size=\"3\" face=\"Arial\"><a href=\"http:\/\/www.saloanoticias.com\/images\/34093521_1698143570251203_6562721770728587264_n_0934630b1c53cd834b9c4d5a30fc2028.jpg\"><img loading=\"lazy\" decoding=\"async\" title=\"34093521_1698143570251203_6562721770728587264_n\" style=\"border-top: 0px; border-right: 0px; background-image: none; border-bottom: 0px; float: none; padding-top: 0px; padding-left: 0px; margin: 0px auto 10px; border-left: 0px; display: block; padding-right: 0px\" border=\"0\" alt=\"34093521_1698143570251203_6562721770728587264_n\" src=\"http:\/\/www.saloanoticias.com\/v1\/wp-content\/uploads\/imagens\/34093521_1698143570251203_6562721770728587264_n_thumb_fbab17caba1969585d67304c287c9264.jpg\" width=\"1438\" height=\"809\"><\/a>Diante da retomada do abastecimento de combust\u00edveis na regi\u00e3o, a Secretaria de Educa\u00e7\u00e3o de Salo\u00e1\/PE, comunica \u00e0 popula\u00e7\u00e3o o retorno das aulas a partir desta segunda feira (04\/06) em todas as escolas da rede municipal de ensino.<\/font> <font size=\"3\" face=\"Arial\">Ap\u00f3s alguns dias sem aulas devido \u00e0 paralisa\u00e7\u00e3o dos caminhoneiros, tudo come\u00e7a a voltar ao normal em Salo\u00e1, e a SEDUC informa tamb\u00e9m que essas aulas que foram perdidas ser\u00e3o reajustadas novamente para que os alunos n\u00e3o fiquem prejudicados.<\/font><\/p>\n<div style=\"margin-top: 0px; margin-bottom: 0px;\" class=\"sharethis-inline-share-buttons\" ><\/div>","protected":false},"excerpt":{"rendered":"<p>Diante da retomada do abastecimento de combust\u00edveis na regi\u00e3o, a Secretaria de Educa\u00e7\u00e3o de Salo\u00e1\/PE, comunica \u00e0 popula\u00e7\u00e3o o retorno das aulas a partir desta segunda feira (04\/06) em todas as escolas da rede municipal de ensino. Ap\u00f3s alguns dias sem aulas devido \u00e0 paralisa\u00e7\u00e3o dos caminhoneiros, tudo come\u00e7a a voltar ao normal em Salo\u00e1, [&hellip;]<\/p>\n","protected":false},"author":1,"featured_media":0,"comment_status":"open","ping_status":"open","sticky":false,"template":"","format":"standard","meta":{"footnotes":""},"categories":[2],"tags":[],"class_list":["post-4076","post","type-post","status-publish","format-standard","hentry","category-noticias-do-dia"],"_links":{"self":[{"href":"https:\/\/www.saloanoticias.com\/v1\/wp-json\/wp\/v2\/posts\/4076","targetHints":{"allow":["GET"]}}],"collection":[{"href":"https:\/\/www.saloanoticias.com\/v1\/wp-json\/wp\/v2\/posts"}],"about":[{"href":"https:\/\/www.saloanoticias.com\/v1\/wp-json\/wp\/v2\/types\/post"}],"author":[{"embeddable":true,"href":"https:\/\/www.saloanoticias.com\/v1\/wp-json\/wp\/v2\/users\/1"}],"replies":[{"embeddable":true,"href":"https:\/\/www.saloanoticias.com\/v1\/wp-json\/wp\/v2\/comments?post=4076"}],"version-history":[{"count":0,"href":"https:\/\/www.saloanoticias.com\/v1\/wp-json\/wp\/v2\/posts\/4076\/revisions"}],"wp:attachment":[{"href":"https:\/\/www.saloanoticias.com\/v1\/wp-json\/wp\/v2\/media?parent=4076"}],"wp:term":[{"taxonomy":"category","embeddable":true,"href":"https:\/\/www.saloanoticias.com\/v1\/wp-json\/wp\/v2\/categories?post=4076"},{"taxonomy":"post_tag","embeddable":true,"href":"https:\/\/www.saloanoticias.com\/v1\/wp-json\/wp\/v2\/tags?post=4076"}],"curies":[{"name":"wp","href":"https:\/\/api.w.org\/{rel}","templated":true}]}}