{"id":4075,"date":"2018-06-04T13:00:00","date_gmt":"2018-06-04T13:00:00","guid":{"rendered":"https:\/\/saloanoticias.mrmediaweb.com\/v1\/2018\/06\/04\/joao-campos-diz-ser-natural-alianca-entre-pe-e-psb\/"},"modified":"2018-06-04T13:00:00","modified_gmt":"2018-06-04T13:00:00","slug":"joao-campos-diz-ser-natural-alianca-entre-pe-e-psb","status":"publish","type":"post","link":"https:\/\/www.saloanoticias.com\/v1\/joao-campos-diz-ser-natural-alianca-entre-pe-e-psb\/","title":{"rendered":"JO\u00c3O CAMPOS DIZ SER NATURAL ALIAN\u00c7A ENTRE PT E PSB"},"content":{"rendered":"<p align=\"justify\"><font size=\"3\" face=\"Arial\"><a href=\"http:\/\/www.saloanoticias.com\/images\/34093521_1698143570251203_6562721770728587264_n_514991e41be24dfaee158fbf0632719c.jpg\"><img loading=\"lazy\" decoding=\"async\" title=\"34093521_1698143570251203_6562721770728587264_n\" style=\"border-top: 0px; border-right: 0px; background-image: none; border-bottom: 0px; float: right; padding-top: 0px; padding-left: 0px; margin: 5px 0px 0px 5px; border-left: 0px; display: inline; padding-right: 0px\" border=\"0\" alt=\"34093521_1698143570251203_6562721770728587264_n\" src=\"http:\/\/www.saloanoticias.com\/v1\/wp-content\/uploads\/imagens\/34093521_1698143570251203_6562721770728587264_n_thumb_12136a889de770bea28fc44f5255c2e5.jpg\" width=\"322\" align=\"right\" height=\"215\"><\/a>Jo\u00e3o Campos, pr\u00e9-candidato a deputado federal pelo PSB e filho do ex-governador Eduardo Campos, afirmou que considera \u201cnatural\u201d a poss\u00edvel retomada da alian\u00e7a entre socialistas e o PT em Pernambuco. \u201cEm momento de acirramento t\u00e3o grande e que s\u00f3 tem feito mal \u00e0 vida das pessoas, \u00e9 importante que se deixe diverg\u00eancias de lado e se busque converg\u00eancias em torno de objetivos que possam melhorar a vida das pessoas. Essa discuss\u00e3o em torno de uma poss\u00edvel alian\u00e7a entre PSB e PT tem a ver com isso\u201d, disse em entrevista ao cientista pol\u00edtico Antonio Lavareda, durante o programa 20 Minutos, da TV Jornal.<\/font><\/p>\n<p align=\"justify\"><font face=\"Arial\"><font size=\"3\">PT e PSB romperam no Recife em 2012, quando Eduardo Campos decidiu lan\u00e7ar a candidatura do prefeito Geraldo Julio. No ano seguinte, a alian\u00e7a nacional tamb\u00e9m foi interrompida, para viabilizar o nome do ex-governador para a disputa \u00e0 presid\u00eancia. \u201cS\u00e3o partidos de esquerda, que prezam por aqueles que mais precisam do apoio do Estado e que precisam trabalhar, sim, de forma conjunta para garantir uma entrega melhor para o Brasil\u201d, defendeu Campos, que dever\u00e1 fazer dobradinha com o ex-vereador Sivaldo Albino (estadual) aqui em Garanhuns. <\/font><font size=\"2\"><b>(Com informa\u00e7\u00f5es do <\/b><b>Blog do Carlos Eug\u00eanio e de Jamildo)<\/b><\/font><\/font><\/p>\n<div style=\"margin-top: 0px; margin-bottom: 0px;\" class=\"sharethis-inline-share-buttons\" ><\/div>","protected":false},"excerpt":{"rendered":"<p>Jo\u00e3o Campos, pr\u00e9-candidato a deputado federal pelo PSB e filho do ex-governador Eduardo Campos, afirmou que considera \u201cnatural\u201d a poss\u00edvel retomada da alian\u00e7a entre socialistas e o PT em Pernambuco. \u201cEm momento de acirramento t\u00e3o grande e que s\u00f3 tem feito mal \u00e0 vida das pessoas, \u00e9 importante que se deixe diverg\u00eancias de lado e [&hellip;]<\/p>\n","protected":false},"author":1,"featured_media":0,"comment_status":"open","ping_status":"open","sticky":false,"template":"","format":"standard","meta":{"footnotes":""},"categories":[2],"tags":[],"class_list":["post-4075","post","type-post","status-publish","format-standard","hentry","category-noticias-do-dia"],"_links":{"self":[{"href":"https:\/\/www.saloanoticias.com\/v1\/wp-json\/wp\/v2\/posts\/4075","targetHints":{"allow":["GET"]}}],"collection":[{"href":"https:\/\/www.saloanoticias.com\/v1\/wp-json\/wp\/v2\/posts"}],"about":[{"href":"https:\/\/www.saloanoticias.com\/v1\/wp-json\/wp\/v2\/types\/post"}],"author":[{"embeddable":true,"href":"https:\/\/www.saloanoticias.com\/v1\/wp-json\/wp\/v2\/users\/1"}],"replies":[{"embeddable":true,"href":"https:\/\/www.saloanoticias.com\/v1\/wp-json\/wp\/v2\/comments?post=4075"}],"version-history":[{"count":0,"href":"https:\/\/www.saloanoticias.com\/v1\/wp-json\/wp\/v2\/posts\/4075\/revisions"}],"wp:attachment":[{"href":"https:\/\/www.saloanoticias.com\/v1\/wp-json\/wp\/v2\/media?parent=4075"}],"wp:term":[{"taxonomy":"category","embeddable":true,"href":"https:\/\/www.saloanoticias.com\/v1\/wp-json\/wp\/v2\/categories?post=4075"},{"taxonomy":"post_tag","embeddable":true,"href":"https:\/\/www.saloanoticias.com\/v1\/wp-json\/wp\/v2\/tags?post=4075"}],"curies":[{"name":"wp","href":"https:\/\/api.w.org\/{rel}","templated":true}]}}