{"id":4074,"date":"2018-06-03T21:33:00","date_gmt":"2018-06-03T21:33:00","guid":{"rendered":"https:\/\/saloanoticias.mrmediaweb.com\/v1\/2018\/06\/03\/atraso-correios-devem-demorar-15-dias-para-normalizar-entregas\/"},"modified":"2018-06-03T21:33:00","modified_gmt":"2018-06-03T21:33:00","slug":"atraso-correios-devem-demorar-15-dias-para-normalizar-entregas","status":"publish","type":"post","link":"https:\/\/www.saloanoticias.com\/v1\/atraso-correios-devem-demorar-15-dias-para-normalizar-entregas\/","title":{"rendered":"ATRASO: CORREIOS DEVEM DEMORAR AT\u00c9 15 DIAS PARA NORMALIZAR ENTREGAS"},"content":{"rendered":"<p align=\"justify\"><font size=\"3\" face=\"Arial\"><a href=\"http:\/\/www.saloanoticias.com\/images\/34093521_1698143570251203_6562721770728587264_n_2a26357e2f1cc3faca6aa2a10756e5d1.jpg\"><img loading=\"lazy\" decoding=\"async\" title=\"34093521_1698143570251203_6562721770728587264_n\" style=\"border-top: 0px; border-right: 0px; background-image: none; border-bottom: 0px; float: left; padding-top: 0px; padding-left: 0px; margin: 5px 5px 0px 0px; border-left: 0px; display: inline; padding-right: 0px\" border=\"0\" alt=\"34093521_1698143570251203_6562721770728587264_n\" src=\"http:\/\/www.saloanoticias.com\/v1\/wp-content\/uploads\/imagens\/34093521_1698143570251203_6562721770728587264_n_thumb_63406301a8dc23620bdf7426fef1a3eb.jpg\" width=\"337\" align=\"left\" height=\"243\"><\/a>Os Correiros devem demorar cerca de 15 dias para conseguir normalizar as entregas atrasadas. Em fun\u00e7\u00e3o da falta de combust\u00edvel e dos bloqueios nas estradas decorrentes da paralisa\u00e7\u00e3o de 11 dias dos caminhoneiros, a Empresa P\u00fablica deixou de entregar cerca de 85 milh\u00f5es de encomendas e mensagens nos \u00faltimos dias. <\/font><font size=\"3\" face=\"Arial\">Em nota, a Empresa garante que, desde o fim do movimento paredista, est\u00e1 refor\u00e7ando as opera\u00e7\u00f5es, convocando mutir\u00f5es para distribuir as cargas no menor espa\u00e7o de tempo poss\u00edvel.<\/font><\/p>\n<p align=\"justify\"><font face=\"Arial\"><font size=\"3\"><b>ALGUNS SERVI\u00c7OS SUSPENSOS &#8211; <\/b>Apesar disso, servi\u00e7os com dia e hora marcados (Sedex 10, Sedex 12, Sedex Hoje, Disque Coleta e Log\u00edstica Reversa Domicili\u00e1ria) permanecem temporariamente suspensos. Os demais servi\u00e7os de encomendas como o Sedex convencional e o PAC foram mantidos e tiveram apenas o prazo de entrega ampliado. Segundo os Correios, em condi\u00e7\u00f5es normais, s\u00e3o entregues aproximadamente 25 milh\u00f5es de objetos por dia. <b><font size=\"2\">(Com informa\u00e7\u00f5es do JC Online. <\/font><a href=\"http:\/\/jconline.ne10.uol.com.br\/canal\/economia\/nacional\/noticia\/2018\/06\/01\/correios-devem-demorar-15-dias-para-normalizar-entregas--341658.php\"><font size=\"2\">CONFIRA<\/font><\/a><font size=\"2\">)<\/font><\/b><\/font><\/font><\/p>\n<div style=\"margin-top: 0px; margin-bottom: 0px;\" class=\"sharethis-inline-share-buttons\" ><\/div>","protected":false},"excerpt":{"rendered":"<p>Os Correiros devem demorar cerca de 15 dias para conseguir normalizar as entregas atrasadas. Em fun\u00e7\u00e3o da falta de combust\u00edvel e dos bloqueios nas estradas decorrentes da paralisa\u00e7\u00e3o de 11 dias dos caminhoneiros, a Empresa P\u00fablica deixou de entregar cerca de 85 milh\u00f5es de encomendas e mensagens nos \u00faltimos dias. Em nota, a Empresa garante [&hellip;]<\/p>\n","protected":false},"author":1,"featured_media":0,"comment_status":"open","ping_status":"open","sticky":false,"template":"","format":"standard","meta":{"footnotes":""},"categories":[2],"tags":[],"class_list":["post-4074","post","type-post","status-publish","format-standard","hentry","category-noticias-do-dia"],"_links":{"self":[{"href":"https:\/\/www.saloanoticias.com\/v1\/wp-json\/wp\/v2\/posts\/4074","targetHints":{"allow":["GET"]}}],"collection":[{"href":"https:\/\/www.saloanoticias.com\/v1\/wp-json\/wp\/v2\/posts"}],"about":[{"href":"https:\/\/www.saloanoticias.com\/v1\/wp-json\/wp\/v2\/types\/post"}],"author":[{"embeddable":true,"href":"https:\/\/www.saloanoticias.com\/v1\/wp-json\/wp\/v2\/users\/1"}],"replies":[{"embeddable":true,"href":"https:\/\/www.saloanoticias.com\/v1\/wp-json\/wp\/v2\/comments?post=4074"}],"version-history":[{"count":0,"href":"https:\/\/www.saloanoticias.com\/v1\/wp-json\/wp\/v2\/posts\/4074\/revisions"}],"wp:attachment":[{"href":"https:\/\/www.saloanoticias.com\/v1\/wp-json\/wp\/v2\/media?parent=4074"}],"wp:term":[{"taxonomy":"category","embeddable":true,"href":"https:\/\/www.saloanoticias.com\/v1\/wp-json\/wp\/v2\/categories?post=4074"},{"taxonomy":"post_tag","embeddable":true,"href":"https:\/\/www.saloanoticias.com\/v1\/wp-json\/wp\/v2\/tags?post=4074"}],"curies":[{"name":"wp","href":"https:\/\/api.w.org\/{rel}","templated":true}]}}