{"id":4073,"date":"2018-06-02T15:23:00","date_gmt":"2018-06-02T15:23:00","guid":{"rendered":"https:\/\/saloanoticias.mrmediaweb.com\/v1\/2018\/06\/02\/programacao-do-sao-joao-de-saloa-sai-na-quinta-7-6\/"},"modified":"2018-06-02T15:23:00","modified_gmt":"2018-06-02T15:23:00","slug":"programacao-do-sao-joao-de-saloa-sai-na-quinta-7-6","status":"publish","type":"post","link":"https:\/\/www.saloanoticias.com\/v1\/programacao-do-sao-joao-de-saloa-sai-na-quinta-7-6\/","title":{"rendered":"PROGRAMA\u00c7\u00c3O DO S\u00c3O JO\u00c3O DE SALO\u00c1 SAI NA PR\u00d3XIMA QUINTA, DIA 7 DE JUNHO"},"content":{"rendered":"<p align=\"justify\"><font size=\"3\" face=\"Arial\"><a href=\"http:\/\/www.saloanoticias.com\/images\/_dsc0189_8bc258a650140c3aa1029ee4e57a2c08.jpg\"><img loading=\"lazy\" decoding=\"async\" title=\"_DSC0189\" style=\"border-top: 0px; border-right: 0px; background-image: none; border-bottom: 0px; float: none; padding-top: 0px; padding-left: 0px; margin: 0px auto 10px; border-left: 0px; display: block; padding-right: 0px\" border=\"0\" alt=\"_DSC0189\" src=\"http:\/\/www.saloanoticias.com\/v1\/wp-content\/uploads\/imagens\/_dsc0189_thumb_2c0622ee322ca19b13b612d9b3e99e79.jpg\" width=\"1436\" height=\"951\"><\/a>A programa\u00e7\u00e3o oficial do S\u00e3o Jo\u00e3o da Uni\u00e3o 2018 na cidade de Salo\u00e1\/PE vai ser divulgada na pr\u00f3xima quinta-feira, dia 7 de junho de 2018. Os nomes das atra\u00e7\u00f5es ser\u00e3o anunciados pelo prefeito da cidade, Ricardo Alves, numa coletiva de imprensa direto da sede do poder executivo. Grande j\u00e1 \u00e9 a expectativa para se saber as datas e as atra\u00e7\u00f5es, j\u00e1 que o S\u00e3o Jo\u00e3o do Munic\u00edpio j\u00e1 se consolidou como um dos mais importantes do interior do Estado, atraindo milhares de pessoas com suas fam\u00edlias. <\/font><\/p>\n<p align=\"justify\"><font size=\"3\" face=\"Arial\">Voc\u00ea vai conferir tudo aqui no Blog Salo\u00e1 Not\u00edcias que far\u00e1 a transmiss\u00e3o ao vivo desta coletiva de impressa com o prefeito. Como acontece em todos os anos vamos trazer com exclusividade aqui no Blog a lista completa com os nomes dos cantores e bandas que se apresentar\u00e3o na Pra\u00e7a S\u00e3o Vicente e na Vila de Iatec\u00e1, locais que tradicionalmente acontecem as festas. A Prefeitura da cidade faz quest\u00e3o de trazer grandes nomes da m\u00fasica popular brasileira para animar a festa. Ent\u00e3o, aguarde e veja seu cantor preferido e fa\u00e7a sua programa\u00e7\u00e3o para participar deste grande evento. A qualquer momento mais informa\u00e7\u00f5es sobre este assunto.<\/font><\/p>\n<div style=\"margin-top: 0px; margin-bottom: 0px;\" class=\"sharethis-inline-share-buttons\" ><\/div>","protected":false},"excerpt":{"rendered":"<p>A programa\u00e7\u00e3o oficial do S\u00e3o Jo\u00e3o da Uni\u00e3o 2018 na cidade de Salo\u00e1\/PE vai ser divulgada na pr\u00f3xima quinta-feira, dia 7 de junho de 2018. Os nomes das atra\u00e7\u00f5es ser\u00e3o anunciados pelo prefeito da cidade, Ricardo Alves, numa coletiva de imprensa direto da sede do poder executivo. Grande j\u00e1 \u00e9 a expectativa para se saber [&hellip;]<\/p>\n","protected":false},"author":1,"featured_media":0,"comment_status":"open","ping_status":"open","sticky":false,"template":"","format":"standard","meta":{"footnotes":""},"categories":[2],"tags":[],"class_list":["post-4073","post","type-post","status-publish","format-standard","hentry","category-noticias-do-dia"],"_links":{"self":[{"href":"https:\/\/www.saloanoticias.com\/v1\/wp-json\/wp\/v2\/posts\/4073","targetHints":{"allow":["GET"]}}],"collection":[{"href":"https:\/\/www.saloanoticias.com\/v1\/wp-json\/wp\/v2\/posts"}],"about":[{"href":"https:\/\/www.saloanoticias.com\/v1\/wp-json\/wp\/v2\/types\/post"}],"author":[{"embeddable":true,"href":"https:\/\/www.saloanoticias.com\/v1\/wp-json\/wp\/v2\/users\/1"}],"replies":[{"embeddable":true,"href":"https:\/\/www.saloanoticias.com\/v1\/wp-json\/wp\/v2\/comments?post=4073"}],"version-history":[{"count":0,"href":"https:\/\/www.saloanoticias.com\/v1\/wp-json\/wp\/v2\/posts\/4073\/revisions"}],"wp:attachment":[{"href":"https:\/\/www.saloanoticias.com\/v1\/wp-json\/wp\/v2\/media?parent=4073"}],"wp:term":[{"taxonomy":"category","embeddable":true,"href":"https:\/\/www.saloanoticias.com\/v1\/wp-json\/wp\/v2\/categories?post=4073"},{"taxonomy":"post_tag","embeddable":true,"href":"https:\/\/www.saloanoticias.com\/v1\/wp-json\/wp\/v2\/tags?post=4073"}],"curies":[{"name":"wp","href":"https:\/\/api.w.org\/{rel}","templated":true}]}}