{"id":4072,"date":"2018-06-01T23:48:00","date_gmt":"2018-06-01T23:48:00","guid":{"rendered":"https:\/\/saloanoticias.mrmediaweb.com\/v1\/2018\/06\/01\/visita-de-dom-paulo-jackson-a-saloa-e-cancelada\/"},"modified":"2018-06-01T23:48:00","modified_gmt":"2018-06-01T23:48:00","slug":"visita-de-dom-paulo-jackson-a-saloa-e-cancelada","status":"publish","type":"post","link":"https:\/\/www.saloanoticias.com\/v1\/visita-de-dom-paulo-jackson-a-saloa-e-cancelada\/","title":{"rendered":"VISITA DE DOM PAULO JACKSON \u00c0 SALO\u00c1 \u00c9 CANCELADA E NOVA DATA SER\u00c1 DIVULGADA"},"content":{"rendered":"<p align=\"justify\"><font size=\"3\" face=\"Arial\"><a href=\"http:\/\/www.saloanoticias.com\/images\/dom-paulo-jackson_26cb5a2747ea9fbc2f452e99ada46f9d.jpg\"><img loading=\"lazy\" decoding=\"async\" title=\"dom paulo jackson\" style=\"border-top: 0px; border-right: 0px; background-image: none; border-bottom: 0px; float: left; padding-top: 0px; padding-left: 0px; margin: 5px 5px 0px 0px; border-left: 0px; display: inline; padding-right: 0px\" border=\"0\" alt=\"dom paulo jackson\" src=\"http:\/\/www.saloanoticias.com\/v1\/wp-content\/uploads\/imagens\/dom-paulo-jackson_thumb_a600ce5538a76268721e5dbc15e03297.jpg\" width=\"218\" align=\"left\" height=\"208\"><\/a>A par\u00f3quia de S\u00e3o Vicente de Paulo emitiu uma nota na manh\u00e3 desta sexta-feira informando a todos o cancelamento da visita pastoral do Bispo Diocesano Dom Paulo Jackson que seria realizada dos dias 3 a 10 de junho deste ano. Segundo a nota, o motivo do cancelamento foi a greve dos caminhoneiros e a incerteza de novos movimentos grevistas nos pr\u00f3ximos dias, o que poderia atrapalhar a programa\u00e7\u00e3o do Bispo no Munic\u00edpio. <\/font><font size=\"3\" face=\"Arial\">A nota foi assinada pelo padre local, Everaldo Jos\u00e9, informando que uma nova data ser\u00e1 agendada para uma nova visita\u00e7\u00e3o.<\/font><\/p>\n<p><a href=\"http:\/\/www.saloanoticias.com\/images\/34093521_1698143570251203_6562721770728587264_n.jpg\"><img loading=\"lazy\" decoding=\"async\" title=\"34093521_1698143570251203_6562721770728587264_n\" style=\"border-top: 0px; border-right: 0px; background-image: none; border-bottom: 0px; float: none; padding-top: 0px; padding-left: 0px; margin-left: auto; border-left: 0px; display: block; padding-right: 0px; margin-right: auto\" border=\"0\" alt=\"34093521_1698143570251203_6562721770728587264_n\" src=\"http:\/\/www.saloanoticias.com\/v1\/wp-content\/uploads\/imagens\/34093521_1698143570251203_6562721770728587264_n_thumb.jpg\" width=\"1123\" height=\"1221\"><\/a><\/p>\n<p><font size=\"3\" face=\"Arial\"><\/font><\/p>\n<div style=\"margin-top: 0px; margin-bottom: 0px;\" class=\"sharethis-inline-share-buttons\" ><\/div>","protected":false},"excerpt":{"rendered":"<p>A par\u00f3quia de S\u00e3o Vicente de Paulo emitiu uma nota na manh\u00e3 desta sexta-feira informando a todos o cancelamento da visita pastoral do Bispo Diocesano Dom Paulo Jackson que seria realizada dos dias 3 a 10 de junho deste ano. Segundo a nota, o motivo do cancelamento foi a greve dos caminhoneiros e a incerteza [&hellip;]<\/p>\n","protected":false},"author":1,"featured_media":0,"comment_status":"open","ping_status":"open","sticky":false,"template":"","format":"standard","meta":{"footnotes":""},"categories":[2],"tags":[],"class_list":["post-4072","post","type-post","status-publish","format-standard","hentry","category-noticias-do-dia"],"_links":{"self":[{"href":"https:\/\/www.saloanoticias.com\/v1\/wp-json\/wp\/v2\/posts\/4072","targetHints":{"allow":["GET"]}}],"collection":[{"href":"https:\/\/www.saloanoticias.com\/v1\/wp-json\/wp\/v2\/posts"}],"about":[{"href":"https:\/\/www.saloanoticias.com\/v1\/wp-json\/wp\/v2\/types\/post"}],"author":[{"embeddable":true,"href":"https:\/\/www.saloanoticias.com\/v1\/wp-json\/wp\/v2\/users\/1"}],"replies":[{"embeddable":true,"href":"https:\/\/www.saloanoticias.com\/v1\/wp-json\/wp\/v2\/comments?post=4072"}],"version-history":[{"count":0,"href":"https:\/\/www.saloanoticias.com\/v1\/wp-json\/wp\/v2\/posts\/4072\/revisions"}],"wp:attachment":[{"href":"https:\/\/www.saloanoticias.com\/v1\/wp-json\/wp\/v2\/media?parent=4072"}],"wp:term":[{"taxonomy":"category","embeddable":true,"href":"https:\/\/www.saloanoticias.com\/v1\/wp-json\/wp\/v2\/categories?post=4072"},{"taxonomy":"post_tag","embeddable":true,"href":"https:\/\/www.saloanoticias.com\/v1\/wp-json\/wp\/v2\/tags?post=4072"}],"curies":[{"name":"wp","href":"https:\/\/api.w.org\/{rel}","templated":true}]}}