{"id":4071,"date":"2018-05-31T22:36:00","date_gmt":"2018-05-31T22:36:00","guid":{"rendered":"https:\/\/saloanoticias.mrmediaweb.com\/v1\/2018\/05\/31\/catolicos-de-saloa-mantem-a-tradicao-de-corpos-christi\/"},"modified":"2018-05-31T22:36:00","modified_gmt":"2018-05-31T22:36:00","slug":"catolicos-de-saloa-mantem-a-tradicao-de-corpos-christi","status":"publish","type":"post","link":"https:\/\/www.saloanoticias.com\/v1\/catolicos-de-saloa-mantem-a-tradicao-de-corpos-christi\/","title":{"rendered":"CAT\u00d3LICOS DE SALO\u00c1 MANT\u00caM A TRADI\u00c7\u00c3O DE CORPUS CHRISTI"},"content":{"rendered":"<p align=\"justify\"><font size=\"3\" face=\"Arial\"><a href=\"http:\/\/www.saloanoticias.com\/images\/whatsapp-image-2018-05-31-at-19.52.39_2b553591658bc96c702d908f19614efb.jpg\"><img loading=\"lazy\" decoding=\"async\" title=\"WhatsApp Image 2018-05-31 at 19.52.39\" style=\"border-top: 0px; border-right: 0px; background-image: none; border-bottom: 0px; float: none; padding-top: 0px; padding-left: 0px; margin: 0px auto 10px; border-left: 0px; display: block; padding-right: 0px\" border=\"0\" alt=\"WhatsApp Image 2018-05-31 at 19.52.39\" src=\"http:\/\/www.saloanoticias.com\/v1\/wp-content\/uploads\/imagens\/whatsapp-image-2018-05-31-at-19.52.39_thumb_5cc87d8f149ed9f915fe3c1732a4b8c4.jpg\" width=\"1446\" height=\"1286\"><\/a>Os Cat\u00f3licos da cidade de Salo\u00e1\/PE mantiveram mais uma vez a tradicional festa de Corpus Christi (Corpo de Cristo) no Munic\u00edpio. A celebra\u00e7\u00e3o j\u00e1 dura mais de 700 anos e vem ao longo dos anos surpreendendo com os belos pain\u00e9is que s\u00e3o confeccionados especialmente para este dia. Em Salo\u00e1 eles (pain\u00e9is) s\u00e3o produzidos nos entornos da pra\u00e7a S\u00e3o Vicente no centro por onde passa a prociss\u00e3o que este ano foi celebrada pelo p\u00e1roco Everaldo Jos\u00e9. As esculturas s\u00e3o feitas com p\u00f3 de serra, p\u00f3 de caf\u00e9, feij\u00e3o, arroz e tinta e deixam mosaicos perfeitos no ch\u00e3o.<\/font><\/p>\n<p align=\"justify\"><a href=\"http:\/\/www.saloanoticias.com\/images\/whatsapp-image-2018-05-31-at-20.56.58.jpg\"><img loading=\"lazy\" decoding=\"async\" title=\"WhatsApp Image 2018-05-31 at 20.56.58\" style=\"border-top: 0px; border-right: 0px; background-image: none; border-bottom: 0px; float: none; padding-top: 0px; padding-left: 0px; margin-left: auto; border-left: 0px; display: block; padding-right: 0px; margin-right: auto\" border=\"0\" alt=\"WhatsApp Image 2018-05-31 at 20.56.58\" src=\"http:\/\/www.saloanoticias.com\/v1\/wp-content\/uploads\/imagens\/whatsapp-image-2018-05-31-at-20.56.58_thumb.jpg\" width=\"1446\" height=\"1386\"><\/a><\/p>\n<p align=\"justify\"><font size=\"3\" face=\"Arial\"><strong>ESCOLAS DA CIDADE CONFECCIONARAM PAIN\u00c9IS<\/strong>: V\u00e1rias escolas do Munic\u00edpio, p\u00fablicas e particulares, tamb\u00e9m homenagearam a data com suas pinturas na rua, dentre elas o CEI &#8211; Centro de Educa\u00e7\u00e3o Infantil, a Creche Dagmar Ten\u00f3rio Alves e a Escola S\u00e3o Vicente. No final das comemora\u00e7\u00f5es foi realizada uma missa com a presen\u00e7a de centenas de Cat\u00f3licos. Como sempre acontece, as principais ruas do centro receberam um lindo colorido com os quadros pintados no ch\u00e3o. <strong><font size=\"2\">Fotos: Instagram da Professora Cristiane G\u00f3is<\/font><\/strong><\/font><\/p>\n<div style=\"margin-top: 0px; margin-bottom: 0px;\" class=\"sharethis-inline-share-buttons\" ><\/div>","protected":false},"excerpt":{"rendered":"<p>Os Cat\u00f3licos da cidade de Salo\u00e1\/PE mantiveram mais uma vez a tradicional festa de Corpus Christi (Corpo de Cristo) no Munic\u00edpio. A celebra\u00e7\u00e3o j\u00e1 dura mais de 700 anos e vem ao longo dos anos surpreendendo com os belos pain\u00e9is que s\u00e3o confeccionados especialmente para este dia. Em Salo\u00e1 eles (pain\u00e9is) s\u00e3o produzidos nos entornos [&hellip;]<\/p>\n","protected":false},"author":1,"featured_media":0,"comment_status":"open","ping_status":"open","sticky":false,"template":"","format":"standard","meta":{"footnotes":""},"categories":[2],"tags":[],"class_list":["post-4071","post","type-post","status-publish","format-standard","hentry","category-noticias-do-dia"],"_links":{"self":[{"href":"https:\/\/www.saloanoticias.com\/v1\/wp-json\/wp\/v2\/posts\/4071","targetHints":{"allow":["GET"]}}],"collection":[{"href":"https:\/\/www.saloanoticias.com\/v1\/wp-json\/wp\/v2\/posts"}],"about":[{"href":"https:\/\/www.saloanoticias.com\/v1\/wp-json\/wp\/v2\/types\/post"}],"author":[{"embeddable":true,"href":"https:\/\/www.saloanoticias.com\/v1\/wp-json\/wp\/v2\/users\/1"}],"replies":[{"embeddable":true,"href":"https:\/\/www.saloanoticias.com\/v1\/wp-json\/wp\/v2\/comments?post=4071"}],"version-history":[{"count":0,"href":"https:\/\/www.saloanoticias.com\/v1\/wp-json\/wp\/v2\/posts\/4071\/revisions"}],"wp:attachment":[{"href":"https:\/\/www.saloanoticias.com\/v1\/wp-json\/wp\/v2\/media?parent=4071"}],"wp:term":[{"taxonomy":"category","embeddable":true,"href":"https:\/\/www.saloanoticias.com\/v1\/wp-json\/wp\/v2\/categories?post=4071"},{"taxonomy":"post_tag","embeddable":true,"href":"https:\/\/www.saloanoticias.com\/v1\/wp-json\/wp\/v2\/tags?post=4071"}],"curies":[{"name":"wp","href":"https:\/\/api.w.org\/{rel}","templated":true}]}}