{"id":4069,"date":"2018-05-30T23:46:00","date_gmt":"2018-05-30T23:46:00","guid":{"rendered":"https:\/\/saloanoticias.mrmediaweb.com\/v1\/2018\/05\/30\/prefeitura-de-saloa-nao-fara-coleta-de-lixo-nesta-quinta-feira-31\/"},"modified":"2018-05-30T23:46:00","modified_gmt":"2018-05-30T23:46:00","slug":"prefeitura-de-saloa-nao-fara-coleta-de-lixo-nesta-quinta-feira-31","status":"publish","type":"post","link":"https:\/\/www.saloanoticias.com\/v1\/prefeitura-de-saloa-nao-fara-coleta-de-lixo-nesta-quinta-feira-31\/","title":{"rendered":"PREFEITURA DE SALO\u00c1 N\u00c3O FAR\u00c1 COLETA DE LIXO NESTA QUINTA-FEIRA (31)"},"content":{"rendered":"<p align=\"justify\"><font size=\"3\" face=\"Arial\"><a href=\"http:\/\/www.saloanoticias.com\/images\/a-logomarca-da-prefeitura---cpia_15e867d28e9d124c939e9adc42a92126.jpg\"><img loading=\"lazy\" decoding=\"async\" title=\"A Logomarca da Prefeitura - C&oacute;pia\" style=\"border-top: 0px; border-right: 0px; background-image: none; border-bottom: 0px; float: left; padding-top: 0px; padding-left: 0px; margin: 5px 5px 0px 0px; border-left: 0px; display: inline; padding-right: 0px\" border=\"0\" alt=\"A Logomarca da Prefeitura - C&oacute;pia\" src=\"http:\/\/www.saloanoticias.com\/v1\/wp-content\/uploads\/imagens\/a-logomarca-da-prefeitura---cpia_thumb_523161aa3e52df1d51558d08ed15767b.jpg\" width=\"303\" align=\"left\" height=\"230\"><\/a>A Prefeitura de Salo\u00e1, atrav\u00e9s da Secretaria de Obras e Urbanismo, informa a toda popula\u00e7\u00e3o que \u201cn\u00e3o far\u00e1\u201d a coleta de lixo nesta quinta-feira, dia 31 de maio de 2018, por conta do feriado de Corpus Christi. Comunica ainda, que a coleta que seria feita nesta quinta, ficar\u00e1 para a sexta-feira (1), e a coleta do s\u00e1bado (2) ser\u00e1 feita na segunda (4). Dessa forma, a administra\u00e7\u00e3o p\u00fablica pede que a popula\u00e7\u00e3o n\u00e3o coloque o lixo nas ruas para evitar o acumulo desnecess\u00e1rio. Desde j\u00e1, agradece a compreens\u00e3o de todos ! <\/font><font size=\"3\" face=\"Arial\">Prefeitura Municipal de Salo\u00e1\/PE<\/font><\/p>\n<div style=\"margin-top: 0px; margin-bottom: 0px;\" class=\"sharethis-inline-share-buttons\" ><\/div>","protected":false},"excerpt":{"rendered":"<p>A Prefeitura de Salo\u00e1, atrav\u00e9s da Secretaria de Obras e Urbanismo, informa a toda popula\u00e7\u00e3o que \u201cn\u00e3o far\u00e1\u201d a coleta de lixo nesta quinta-feira, dia 31 de maio de 2018, por conta do feriado de Corpus Christi. Comunica ainda, que a coleta que seria feita nesta quinta, ficar\u00e1 para a sexta-feira (1), e a coleta [&hellip;]<\/p>\n","protected":false},"author":1,"featured_media":0,"comment_status":"open","ping_status":"open","sticky":false,"template":"","format":"standard","meta":{"footnotes":""},"categories":[2],"tags":[],"class_list":["post-4069","post","type-post","status-publish","format-standard","hentry","category-noticias-do-dia"],"_links":{"self":[{"href":"https:\/\/www.saloanoticias.com\/v1\/wp-json\/wp\/v2\/posts\/4069","targetHints":{"allow":["GET"]}}],"collection":[{"href":"https:\/\/www.saloanoticias.com\/v1\/wp-json\/wp\/v2\/posts"}],"about":[{"href":"https:\/\/www.saloanoticias.com\/v1\/wp-json\/wp\/v2\/types\/post"}],"author":[{"embeddable":true,"href":"https:\/\/www.saloanoticias.com\/v1\/wp-json\/wp\/v2\/users\/1"}],"replies":[{"embeddable":true,"href":"https:\/\/www.saloanoticias.com\/v1\/wp-json\/wp\/v2\/comments?post=4069"}],"version-history":[{"count":0,"href":"https:\/\/www.saloanoticias.com\/v1\/wp-json\/wp\/v2\/posts\/4069\/revisions"}],"wp:attachment":[{"href":"https:\/\/www.saloanoticias.com\/v1\/wp-json\/wp\/v2\/media?parent=4069"}],"wp:term":[{"taxonomy":"category","embeddable":true,"href":"https:\/\/www.saloanoticias.com\/v1\/wp-json\/wp\/v2\/categories?post=4069"},{"taxonomy":"post_tag","embeddable":true,"href":"https:\/\/www.saloanoticias.com\/v1\/wp-json\/wp\/v2\/tags?post=4069"}],"curies":[{"name":"wp","href":"https:\/\/api.w.org\/{rel}","templated":true}]}}