{"id":4066,"date":"2018-05-29T15:41:00","date_gmt":"2018-05-29T15:41:00","guid":{"rendered":"https:\/\/saloanoticias.mrmediaweb.com\/v1\/2018\/05\/29\/mais-de-80-dos-pacientes-com-cancer-nao-estao-conseguindo-chegar-ao-oswaldo-cruz\/"},"modified":"2018-05-29T15:41:00","modified_gmt":"2018-05-29T15:41:00","slug":"mais-de-80-dos-pacientes-com-cancer-nao-estao-conseguindo-chegar-ao-oswaldo-cruz","status":"publish","type":"post","link":"https:\/\/www.saloanoticias.com\/v1\/mais-de-80-dos-pacientes-com-cancer-nao-estao-conseguindo-chegar-ao-oswaldo-cruz\/","title":{"rendered":"MAIS DE 80% DOS PACIENTES COM C\u00c2NCER N\u00c3O EST\u00c3O CONSEGUINDO CHEGAR PARA OS TRATAMENTOS NOS HOSPITAIS DO RECIFE"},"content":{"rendered":"<p align=\"justify\"><font size=\"3\" face=\"Arial\"><a href=\"http:\/\/www.saloanoticias.com\/images\/20180516102258514210o_261508cd7e0e051643f8015c538a4fd3.jpg\"><img loading=\"lazy\" decoding=\"async\" title=\"20180516102258514210o\" style=\"border-top: 0px; border-right: 0px; background-image: none; border-bottom: 0px; float: left; padding-top: 0px; padding-left: 0px; margin: 5px 5px 0px 0px; border-left: 0px; display: inline; padding-right: 0px\" border=\"0\" alt=\"20180516102258514210o\" src=\"http:\/\/www.saloanoticias.com\/v1\/wp-content\/uploads\/imagens\/20180516102258514210o_thumb_6fdece83b20df544246959b09a8bb72a.jpg\" width=\"328\" align=\"left\" height=\"234\"><\/a>O desabastecimento de combust\u00edveis vem atingindo em cheio os tratamentos m\u00e9dicos em v\u00e1rias unidades do Recife. O problema n\u00e3o est\u00e1 na falta de insumos hospitalares, nem de medicamentos, mas no transporte de muitos pacientes que n\u00e3o t\u00eam conseguido transporte para chegar \u00e0s unidades. A situa\u00e7\u00e3o ainda \u00e9 pior para aqueles que moram no Interior. No Centro de Oncologia (Ceon) do Hospital Universit\u00e1rio Oswaldo Cruz (HUOC), localizado no bairro de Santo Amaro, na \u00e1rea central do Capital, mais de 80% dos pacientes vem faltando ao ambulat\u00f3rio desde a segunda-feira (28) para a realiza\u00e7\u00e3o de consultas, exames e quimioterapia.<\/font><\/p>\n<p align=\"justify\"><font size=\"3\" face=\"Arial\">\u201cO fluxo ainda est\u00e1 bem reduzido. No ambulat\u00f3rio de oncologia circulam, em m\u00e9dia, 300 pessoas numa segunda-feira t\u00edpica, mas nesta segunda tivemos cerca de 50 apenas\u201d, contabilizou a gestora do Ceon, Cristiana Tavares. Segundo ela, a grande maioria dos pacientes \u00e9 de regi\u00f5es fora da RMR e dependem de \u00f4nibus e carros para chegar at\u00e9 o servi\u00e7o. <\/font><font size=\"3\" face=\"Arial\">A m\u00e9dica refor\u00e7ou que todos os estoques do Ceon est\u00e3o completos. No Hospital das Cl\u00ednicas (HC), ligado \u00e0 Universidade Federal de Pernambuco (UFPE), o percentual de falta dos pacientes tamb\u00e9m \u00e9 alto: 70% dos homens e mulheres atendidos l\u00e1 n\u00e3o compareceram nos \u00faltimos dias. <\/font><font size=\"3\" face=\"Arial\">Em nota, o HC informou que os ambulat\u00f3rios est\u00e3o mantendo as consultas j\u00e1 agendadas, conforme disponibilidade de cada cl\u00ednica.<\/font><\/p>\n<p align=\"justify\"><font size=\"3\" face=\"Arial\">Durante esse per\u00edodo de desabastecimento de combust\u00edveis, as interna\u00e7\u00f5es est\u00e3o sendo realizadas respeitando os casos graves ou aqueles que podem ter evolu\u00e7\u00e3o negativa para a sa\u00fade do paciente, como as cirurgias oncol\u00f3gicas, as urg\u00eancias e emerg\u00eancias da Maternidade de Gravidez de Alto Risco, entre outros. <\/font><font size=\"3\" face=\"Arial\">As cirurgias no HC s\u00e3o realizadas respeitando a lista de prioridades de cada chefia de cl\u00ednica e verificando a disponibilidade da Unidade de Processamento de Materiais Esterilizados e de suprimentos do dia. Cada chefia de cl\u00ednica est\u00e1 priorizando as altas poss\u00edveis de pessoas internadas, cabendo ao hospital o compromisso de fornecer a medica\u00e7\u00e3o para que o paciente fa\u00e7a o uso em casa, quando for o caso. Quanto a suprimentos e insumos, o HC est\u00e1 abastecido e segue monitorando dia a dia os seus estoques. <font size=\"2\"><strong>Fonte: Folha de Pernambuco<\/strong><\/font><\/font><\/p>\n<div style=\"margin-top: 0px; margin-bottom: 0px;\" class=\"sharethis-inline-share-buttons\" ><\/div>","protected":false},"excerpt":{"rendered":"<p>O desabastecimento de combust\u00edveis vem atingindo em cheio os tratamentos m\u00e9dicos em v\u00e1rias unidades do Recife. O problema n\u00e3o est\u00e1 na falta de insumos hospitalares, nem de medicamentos, mas no transporte de muitos pacientes que n\u00e3o t\u00eam conseguido transporte para chegar \u00e0s unidades. A situa\u00e7\u00e3o ainda \u00e9 pior para aqueles que moram no Interior. No [&hellip;]<\/p>\n","protected":false},"author":1,"featured_media":0,"comment_status":"open","ping_status":"open","sticky":false,"template":"","format":"standard","meta":{"footnotes":""},"categories":[2],"tags":[],"class_list":["post-4066","post","type-post","status-publish","format-standard","hentry","category-noticias-do-dia"],"_links":{"self":[{"href":"https:\/\/www.saloanoticias.com\/v1\/wp-json\/wp\/v2\/posts\/4066","targetHints":{"allow":["GET"]}}],"collection":[{"href":"https:\/\/www.saloanoticias.com\/v1\/wp-json\/wp\/v2\/posts"}],"about":[{"href":"https:\/\/www.saloanoticias.com\/v1\/wp-json\/wp\/v2\/types\/post"}],"author":[{"embeddable":true,"href":"https:\/\/www.saloanoticias.com\/v1\/wp-json\/wp\/v2\/users\/1"}],"replies":[{"embeddable":true,"href":"https:\/\/www.saloanoticias.com\/v1\/wp-json\/wp\/v2\/comments?post=4066"}],"version-history":[{"count":0,"href":"https:\/\/www.saloanoticias.com\/v1\/wp-json\/wp\/v2\/posts\/4066\/revisions"}],"wp:attachment":[{"href":"https:\/\/www.saloanoticias.com\/v1\/wp-json\/wp\/v2\/media?parent=4066"}],"wp:term":[{"taxonomy":"category","embeddable":true,"href":"https:\/\/www.saloanoticias.com\/v1\/wp-json\/wp\/v2\/categories?post=4066"},{"taxonomy":"post_tag","embeddable":true,"href":"https:\/\/www.saloanoticias.com\/v1\/wp-json\/wp\/v2\/tags?post=4066"}],"curies":[{"name":"wp","href":"https:\/\/api.w.org\/{rel}","templated":true}]}}