{"id":4065,"date":"2018-05-29T00:55:00","date_gmt":"2018-05-29T00:55:00","guid":{"rendered":"https:\/\/saloanoticias.mrmediaweb.com\/v1\/2018\/05\/29\/prefeitura-de-saloa-adia-lancamento-do-crianca-feliz\/"},"modified":"2018-05-29T00:55:00","modified_gmt":"2018-05-29T00:55:00","slug":"prefeitura-de-saloa-adia-lancamento-do-crianca-feliz","status":"publish","type":"post","link":"https:\/\/www.saloanoticias.com\/v1\/prefeitura-de-saloa-adia-lancamento-do-crianca-feliz\/","title":{"rendered":"PREFEITURA DE SALO\u00c1 ADIA LAN\u00c7AMENTO DO PROGRAMA \u201cCRIAN\u00c7A FELIZ\u201d"},"content":{"rendered":"<p align=\"justify\"><font size=\"3\" face=\"Arial\"><a href=\"http:\/\/www.saloanoticias.com\/images\/whatsapp-image-2018-05-28-at-20.21.52.jpg\"><img loading=\"lazy\" decoding=\"async\" title=\"WhatsApp Image 2018-05-28 at 20.21.52\" style=\"border-top: 0px; border-right: 0px; background-image: none; border-bottom: 0px; float: left; padding-top: 0px; padding-left: 0px; margin: 5px 5px 0px 0px; border-left: 0px; display: inline; padding-right: 0px\" border=\"0\" alt=\"WhatsApp Image 2018-05-28 at 20.21.52\" src=\"http:\/\/www.saloanoticias.com\/v1\/wp-content\/uploads\/imagens\/whatsapp-image-2018-05-28-at-20.21.52_thumb.jpg\" width=\"281\" align=\"left\" height=\"240\"><\/a>A Secretaria de Assist\u00eancia Social no Munic\u00edpio de Salo\u00e1\/PE, vem atrav\u00e9s deste, comunicar que, devido a paralisa\u00e7\u00e3o dos caminhoneiros que resultou na falta de combust\u00edvel em todo o pa\u00eds, bem como, impossibilitando toda log\u00edstica necess\u00e1ria para o lan\u00e7amento&nbsp; do \u201cPrograma Crian\u00e7a Feliz\u201d, cancela o evento que seria realizado amanh\u00e3, dia 29 de maio de 2018. Com isso, o lan\u00e7amento ser\u00e1 adiado e em breve nova data remarcada. Sem mais para o momento\u2026 Secretaria de Assist\u00eancia Social de Salo\u00e1.<\/font><\/p>\n<div style=\"margin-top: 0px; margin-bottom: 0px;\" class=\"sharethis-inline-share-buttons\" ><\/div>","protected":false},"excerpt":{"rendered":"<p>A Secretaria de Assist\u00eancia Social no Munic\u00edpio de Salo\u00e1\/PE, vem atrav\u00e9s deste, comunicar que, devido a paralisa\u00e7\u00e3o dos caminhoneiros que resultou na falta de combust\u00edvel em todo o pa\u00eds, bem como, impossibilitando toda log\u00edstica necess\u00e1ria para o lan\u00e7amento&nbsp; do \u201cPrograma Crian\u00e7a Feliz\u201d, cancela o evento que seria realizado amanh\u00e3, dia 29 de maio de 2018. [&hellip;]<\/p>\n","protected":false},"author":1,"featured_media":0,"comment_status":"open","ping_status":"open","sticky":false,"template":"","format":"standard","meta":{"footnotes":""},"categories":[2],"tags":[],"class_list":["post-4065","post","type-post","status-publish","format-standard","hentry","category-noticias-do-dia"],"_links":{"self":[{"href":"https:\/\/www.saloanoticias.com\/v1\/wp-json\/wp\/v2\/posts\/4065","targetHints":{"allow":["GET"]}}],"collection":[{"href":"https:\/\/www.saloanoticias.com\/v1\/wp-json\/wp\/v2\/posts"}],"about":[{"href":"https:\/\/www.saloanoticias.com\/v1\/wp-json\/wp\/v2\/types\/post"}],"author":[{"embeddable":true,"href":"https:\/\/www.saloanoticias.com\/v1\/wp-json\/wp\/v2\/users\/1"}],"replies":[{"embeddable":true,"href":"https:\/\/www.saloanoticias.com\/v1\/wp-json\/wp\/v2\/comments?post=4065"}],"version-history":[{"count":0,"href":"https:\/\/www.saloanoticias.com\/v1\/wp-json\/wp\/v2\/posts\/4065\/revisions"}],"wp:attachment":[{"href":"https:\/\/www.saloanoticias.com\/v1\/wp-json\/wp\/v2\/media?parent=4065"}],"wp:term":[{"taxonomy":"category","embeddable":true,"href":"https:\/\/www.saloanoticias.com\/v1\/wp-json\/wp\/v2\/categories?post=4065"},{"taxonomy":"post_tag","embeddable":true,"href":"https:\/\/www.saloanoticias.com\/v1\/wp-json\/wp\/v2\/tags?post=4065"}],"curies":[{"name":"wp","href":"https:\/\/api.w.org\/{rel}","templated":true}]}}