{"id":4064,"date":"2018-05-28T12:23:00","date_gmt":"2018-05-28T12:23:00","guid":{"rendered":"https:\/\/saloanoticias.mrmediaweb.com\/v1\/2018\/05\/28\/adagro-alerta-criadores-para-ultimos-dias-de-vacianacao-da-aftosa\/"},"modified":"2018-05-28T12:23:00","modified_gmt":"2018-05-28T12:23:00","slug":"adagro-alerta-criadores-para-ultimos-dias-de-vacianacao-da-aftosa","status":"publish","type":"post","link":"https:\/\/www.saloanoticias.com\/v1\/adagro-alerta-criadores-para-ultimos-dias-de-vacianacao-da-aftosa\/","title":{"rendered":"ADAGRO ALERTA CRIADORES PARA \u00daLTIMOS DIAS DE VACIANA\u00c7\u00c3O CONTRA A AFTOSA"},"content":{"rendered":"<p align=\"justify\"><font size=\"3\" face=\"Arial\"><a href=\"http:\/\/www.saloanoticias.com\/images\/whatsapp-image-2018-05-28-at-09.18.38.jpg\"><img loading=\"lazy\" decoding=\"async\" title=\"WhatsApp Image 2018-05-28 at 09.18.38\" style=\"border-top: 0px; border-right: 0px; background-image: none; border-bottom: 0px; float: none; padding-top: 0px; padding-left: 0px; margin: 0px auto 10px; border-left: 0px; display: block; padding-right: 0px\" border=\"0\" alt=\"WhatsApp Image 2018-05-28 at 09.18.38\" src=\"http:\/\/www.saloanoticias.com\/v1\/wp-content\/uploads\/imagens\/whatsapp-image-2018-05-28-at-09.18.38_thumb.jpg\" width=\"1433\" height=\"1075\"><\/a>A Ag\u00eancia de Defesa e Fiscaliza\u00e7\u00e3o Agropecu\u00e1ria do Estado de Pernambuco &#8211; ADAGRO avisa a todos os criadores de bovinos e bubalinos de Salo\u00e1\/PE e regi\u00e3o, que a primeira etapa da vacina\u00e7\u00e3o contra a febre aftosa come\u00e7ou no dia primeiro de maio e vai at\u00e9 o dia trinta e um. Avisa tamb\u00e9m que logo ap\u00f3s a compra da vacina, vacine seus animais e fa\u00e7a o cadastro no escrit\u00f3rio mais pr\u00f3ximo e evite multas. Na cidade de Salo\u00e1, o escrit\u00f3rio da ADAGRO fica localizado as margens da PE 216 ao lado do CCI e do posto do Detran\/PE. Atenciosamente, ADAGRO.<\/font><\/p>\n<p align=\"justify\"><a href=\"http:\/\/www.saloanoticias.com\/images\/whatsapp-image-2018-05-28-at-09.18.39.jpg\"><img loading=\"lazy\" decoding=\"async\" title=\"WhatsApp Image 2018-05-28 at 09.18.39\" style=\"border-top: 0px; border-right: 0px; background-image: none; border-bottom: 0px; float: none; padding-top: 0px; padding-left: 0px; margin-left: auto; border-left: 0px; display: block; padding-right: 0px; margin-right: auto\" border=\"0\" alt=\"WhatsApp Image 2018-05-28 at 09.18.39\" src=\"http:\/\/www.saloanoticias.com\/v1\/wp-content\/uploads\/imagens\/whatsapp-image-2018-05-28-at-09.18.39_thumb.jpg\" width=\"1432\" height=\"1074\"><\/a><\/p>\n<div style=\"margin-top: 0px; margin-bottom: 0px;\" class=\"sharethis-inline-share-buttons\" ><\/div>","protected":false},"excerpt":{"rendered":"<p>A Ag\u00eancia de Defesa e Fiscaliza\u00e7\u00e3o Agropecu\u00e1ria do Estado de Pernambuco &#8211; ADAGRO avisa a todos os criadores de bovinos e bubalinos de Salo\u00e1\/PE e regi\u00e3o, que a primeira etapa da vacina\u00e7\u00e3o contra a febre aftosa come\u00e7ou no dia primeiro de maio e vai at\u00e9 o dia trinta e um. Avisa tamb\u00e9m que logo ap\u00f3s [&hellip;]<\/p>\n","protected":false},"author":1,"featured_media":0,"comment_status":"open","ping_status":"open","sticky":false,"template":"","format":"standard","meta":{"footnotes":""},"categories":[2],"tags":[],"class_list":["post-4064","post","type-post","status-publish","format-standard","hentry","category-noticias-do-dia"],"_links":{"self":[{"href":"https:\/\/www.saloanoticias.com\/v1\/wp-json\/wp\/v2\/posts\/4064","targetHints":{"allow":["GET"]}}],"collection":[{"href":"https:\/\/www.saloanoticias.com\/v1\/wp-json\/wp\/v2\/posts"}],"about":[{"href":"https:\/\/www.saloanoticias.com\/v1\/wp-json\/wp\/v2\/types\/post"}],"author":[{"embeddable":true,"href":"https:\/\/www.saloanoticias.com\/v1\/wp-json\/wp\/v2\/users\/1"}],"replies":[{"embeddable":true,"href":"https:\/\/www.saloanoticias.com\/v1\/wp-json\/wp\/v2\/comments?post=4064"}],"version-history":[{"count":0,"href":"https:\/\/www.saloanoticias.com\/v1\/wp-json\/wp\/v2\/posts\/4064\/revisions"}],"wp:attachment":[{"href":"https:\/\/www.saloanoticias.com\/v1\/wp-json\/wp\/v2\/media?parent=4064"}],"wp:term":[{"taxonomy":"category","embeddable":true,"href":"https:\/\/www.saloanoticias.com\/v1\/wp-json\/wp\/v2\/categories?post=4064"},{"taxonomy":"post_tag","embeddable":true,"href":"https:\/\/www.saloanoticias.com\/v1\/wp-json\/wp\/v2\/tags?post=4064"}],"curies":[{"name":"wp","href":"https:\/\/api.w.org\/{rel}","templated":true}]}}