{"id":4063,"date":"2018-05-27T22:24:00","date_gmt":"2018-05-27T22:24:00","guid":{"rendered":"https:\/\/saloanoticias.mrmediaweb.com\/v1\/2018\/05\/27\/aulas-na-rede-municipal-de-ensino-continuam-suspensas-por-conta-da-grave-dos-caminhoneiros\/"},"modified":"2018-05-27T22:24:00","modified_gmt":"2018-05-27T22:24:00","slug":"aulas-na-rede-municipal-de-ensino-continuam-suspensas-por-conta-da-grave-dos-caminhoneiros","status":"publish","type":"post","link":"https:\/\/www.saloanoticias.com\/v1\/aulas-na-rede-municipal-de-ensino-continuam-suspensas-por-conta-da-grave-dos-caminhoneiros\/","title":{"rendered":"AULAS NA REDE MUNICIPAL DE ENSINO EM SALO\u00c1 CONTINUAM SUSPENSAS POR CONTA DA GREVE DOS CAMINHONEIROS"},"content":{"rendered":"<p align=\"justify\"><font size=\"3\" face=\"Arial\"><a href=\"http:\/\/www.saloanoticias.com\/images\/deangelles-2_d0c2db6f7a26d40c2662940df94dd58d.jpg\"><img loading=\"lazy\" decoding=\"async\" title=\"Deangelles (2)\" style=\"border-left-width: 0px; border-right-width: 0px; background-image: none; border-bottom-width: 0px; float: left; padding-top: 0px; padding-left: 0px; margin: 5px 5px 0px 0px; display: inline; padding-right: 0px; border-top-width: 0px\" border=\"0\" alt=\"Deangelles (2)\" src=\"http:\/\/www.saloanoticias.com\/v1\/wp-content\/uploads\/imagens\/deangelles-2_thumb_70e0f59d1e2024429fab13d66ecb26dd.jpg\" width=\"337\" align=\"left\" height=\"223\"><\/a>A Secretaria de Educa\u00e7\u00e3o de Salo\u00e1\/PE, diante da manuten\u00e7\u00e3o da greve dos caminhoneiros, da impossibilidade de regulariza\u00e7\u00e3o da mobilidade de nossa comunidade e de forma preventiva, mant\u00e9m a suspens\u00e3o das atividades nesta segunda-feira (28\/05).&nbsp; Os servi\u00e7os administrativos ser\u00e3o mantidos em regime especial e com expediente reduzido, at\u00e9 \u00e0s 17h. Comunicamos, ainda, que as adequa\u00e7\u00f5es do calend\u00e1rio escolar ser\u00e3o oportunamente informadas, t\u00e3o logo o fornecimento de combust\u00edveis e a normalidade das atividades se restabele\u00e7a. A Institui\u00e7\u00e3o continua acompanhando o andamento da situa\u00e7\u00e3o e manter\u00e1 a comunidade informada, por meio de notas oficiais, diariamente, atrav\u00e9s dos seus canais de comunica\u00e7\u00e3o.<\/font><\/p>\n<div style=\"margin-top: 0px; margin-bottom: 0px;\" class=\"sharethis-inline-share-buttons\" ><\/div>","protected":false},"excerpt":{"rendered":"<p>A Secretaria de Educa\u00e7\u00e3o de Salo\u00e1\/PE, diante da manuten\u00e7\u00e3o da greve dos caminhoneiros, da impossibilidade de regulariza\u00e7\u00e3o da mobilidade de nossa comunidade e de forma preventiva, mant\u00e9m a suspens\u00e3o das atividades nesta segunda-feira (28\/05).&nbsp; Os servi\u00e7os administrativos ser\u00e3o mantidos em regime especial e com expediente reduzido, at\u00e9 \u00e0s 17h. Comunicamos, ainda, que as adequa\u00e7\u00f5es do [&hellip;]<\/p>\n","protected":false},"author":1,"featured_media":0,"comment_status":"open","ping_status":"open","sticky":false,"template":"","format":"standard","meta":{"footnotes":""},"categories":[2],"tags":[],"class_list":["post-4063","post","type-post","status-publish","format-standard","hentry","category-noticias-do-dia"],"_links":{"self":[{"href":"https:\/\/www.saloanoticias.com\/v1\/wp-json\/wp\/v2\/posts\/4063","targetHints":{"allow":["GET"]}}],"collection":[{"href":"https:\/\/www.saloanoticias.com\/v1\/wp-json\/wp\/v2\/posts"}],"about":[{"href":"https:\/\/www.saloanoticias.com\/v1\/wp-json\/wp\/v2\/types\/post"}],"author":[{"embeddable":true,"href":"https:\/\/www.saloanoticias.com\/v1\/wp-json\/wp\/v2\/users\/1"}],"replies":[{"embeddable":true,"href":"https:\/\/www.saloanoticias.com\/v1\/wp-json\/wp\/v2\/comments?post=4063"}],"version-history":[{"count":0,"href":"https:\/\/www.saloanoticias.com\/v1\/wp-json\/wp\/v2\/posts\/4063\/revisions"}],"wp:attachment":[{"href":"https:\/\/www.saloanoticias.com\/v1\/wp-json\/wp\/v2\/media?parent=4063"}],"wp:term":[{"taxonomy":"category","embeddable":true,"href":"https:\/\/www.saloanoticias.com\/v1\/wp-json\/wp\/v2\/categories?post=4063"},{"taxonomy":"post_tag","embeddable":true,"href":"https:\/\/www.saloanoticias.com\/v1\/wp-json\/wp\/v2\/tags?post=4063"}],"curies":[{"name":"wp","href":"https:\/\/api.w.org\/{rel}","templated":true}]}}