{"id":4061,"date":"2018-05-26T12:16:00","date_gmt":"2018-05-26T12:16:00","guid":{"rendered":"https:\/\/saloanoticias.mrmediaweb.com\/v1\/2018\/05\/26\/missa-de-7-dia-rivaldo-alves-de-souza\/"},"modified":"2018-05-26T12:16:00","modified_gmt":"2018-05-26T12:16:00","slug":"missa-de-7-dia-rivaldo-alves-de-souza","status":"publish","type":"post","link":"https:\/\/www.saloanoticias.com\/v1\/missa-de-7-dia-rivaldo-alves-de-souza\/","title":{"rendered":"MISSA DE 7\u00ba DIA: RIVALDO ALVES DE SOUZA"},"content":{"rendered":"<p align=\"justify\"><font size=\"3\" face=\"Arial\"><a href=\"http:\/\/www.saloanoticias.com\/images\/27495047580004753650000_d6a2d7c22318ef0a3ca6716f7c9d7a96.jpg\"><img loading=\"lazy\" decoding=\"async\" title=\"274950,475,80,0,0,475,365,0,0,0,0\" style=\"border-top: 0px; border-right: 0px; background-image: none; border-bottom: 0px; float: left; padding-top: 0px; padding-left: 0px; margin: 5px 5px 0px 0px; border-left: 0px; display: inline; padding-right: 0px\" border=\"0\" alt=\"274950,475,80,0,0,475,365,0,0,0,0\" src=\"http:\/\/www.saloanoticias.com\/v1\/wp-content\/uploads\/imagens\/27495047580004753650000_thumb_fd8795b989d88458cff0a4aeceb40028.jpg\" width=\"234\" align=\"left\" height=\"222\"><\/a>O filho, Rivaldo Alves de Souza Junior, os irm\u00e3os Manoel Ricardo, Minerva, Diana, Nivaldo, Genivalda e demais familiares, convidam todos os parentes e amigos, para participarem da missa de 7\u00ba dia que mandam celebrar em mem\u00f3ria da alma de Rivaldo Alves de Souza, ex-prefeito deste Munic\u00edpio, que ser\u00e1 realizada nesta segunda-feira, dia 28 de maio de 2018, \u00e0s 19h na Igreja Matriz de S\u00e3o Vicente de Paulo, localizada no Centro da cidade. <\/font><font size=\"3\" face=\"Arial\">A missa ser\u00e1 celebrada pelo padre Everaldo Jos\u00e9 e os familiares agradecem desde j\u00e1 a todos que comparecerem a este ato de f\u00e9 e irmandade crist\u00e3.<\/font><\/p>\n<div style=\"margin-top: 0px; margin-bottom: 0px;\" class=\"sharethis-inline-share-buttons\" ><\/div>","protected":false},"excerpt":{"rendered":"<p>O filho, Rivaldo Alves de Souza Junior, os irm\u00e3os Manoel Ricardo, Minerva, Diana, Nivaldo, Genivalda e demais familiares, convidam todos os parentes e amigos, para participarem da missa de 7\u00ba dia que mandam celebrar em mem\u00f3ria da alma de Rivaldo Alves de Souza, ex-prefeito deste Munic\u00edpio, que ser\u00e1 realizada nesta segunda-feira, dia 28 de maio [&hellip;]<\/p>\n","protected":false},"author":1,"featured_media":0,"comment_status":"open","ping_status":"open","sticky":false,"template":"","format":"standard","meta":{"footnotes":""},"categories":[2],"tags":[],"class_list":["post-4061","post","type-post","status-publish","format-standard","hentry","category-noticias-do-dia"],"_links":{"self":[{"href":"https:\/\/www.saloanoticias.com\/v1\/wp-json\/wp\/v2\/posts\/4061","targetHints":{"allow":["GET"]}}],"collection":[{"href":"https:\/\/www.saloanoticias.com\/v1\/wp-json\/wp\/v2\/posts"}],"about":[{"href":"https:\/\/www.saloanoticias.com\/v1\/wp-json\/wp\/v2\/types\/post"}],"author":[{"embeddable":true,"href":"https:\/\/www.saloanoticias.com\/v1\/wp-json\/wp\/v2\/users\/1"}],"replies":[{"embeddable":true,"href":"https:\/\/www.saloanoticias.com\/v1\/wp-json\/wp\/v2\/comments?post=4061"}],"version-history":[{"count":0,"href":"https:\/\/www.saloanoticias.com\/v1\/wp-json\/wp\/v2\/posts\/4061\/revisions"}],"wp:attachment":[{"href":"https:\/\/www.saloanoticias.com\/v1\/wp-json\/wp\/v2\/media?parent=4061"}],"wp:term":[{"taxonomy":"category","embeddable":true,"href":"https:\/\/www.saloanoticias.com\/v1\/wp-json\/wp\/v2\/categories?post=4061"},{"taxonomy":"post_tag","embeddable":true,"href":"https:\/\/www.saloanoticias.com\/v1\/wp-json\/wp\/v2\/tags?post=4061"}],"curies":[{"name":"wp","href":"https:\/\/api.w.org\/{rel}","templated":true}]}}