{"id":4060,"date":"2018-05-26T02:06:00","date_gmt":"2018-05-26T02:06:00","guid":{"rendered":"https:\/\/saloanoticias.mrmediaweb.com\/v1\/2018\/05\/26\/conta-de-luz-mais-cara-em-junho\/"},"modified":"2018-05-26T02:06:00","modified_gmt":"2018-05-26T02:06:00","slug":"conta-de-luz-mais-cara-em-junho","status":"publish","type":"post","link":"https:\/\/www.saloanoticias.com\/v1\/conta-de-luz-mais-cara-em-junho\/","title":{"rendered":"CONTA DE LUZ MAIS CARA EM JUNHO"},"content":{"rendered":"<p align=\"justify\"><font size=\"3\"><font face=\"Arial\"><a href=\"http:\/\/www.saloanoticias.com\/images\/energia-conta-celpe-pernambuco.png\"><img loading=\"lazy\" decoding=\"async\" title=\"energia-conta-celpe-pernambuco\" style=\"border-top: 0px; border-right: 0px; background-image: none; border-bottom: 0px; float: left; padding-top: 0px; padding-left: 0px; margin: 5px 5px 0px 0px; border-left: 0px; display: inline; padding-right: 0px\" border=\"0\" alt=\"energia-conta-celpe-pernambuco\" src=\"http:\/\/www.saloanoticias.com\/v1\/wp-content\/uploads\/imagens\/energia-conta-celpe-pernambuco_thumb.png\" width=\"343\" align=\"left\" height=\"229\"><\/a>As contas de luz em junho ter\u00e3o bandeira tarif\u00e1ria vermelha no patamar 2, o maior patamar entre as faixas tarif\u00e1rias. Com isso, haver\u00e1 cobran\u00e7a extra nas contas de luz de R$ 5,00 a cada 100 quilowatts-hora (kWh) consumidos. A cobran\u00e7a da nova bandeira foi anunciada hoje (25) pela Ag\u00eancia Nacional de Energia El\u00e9trica (Aneel). <\/font><font face=\"Arial\">De acordo com a Aneel, a decis\u00e3o foi tomada em raz\u00e3o do fim do per\u00edodo chuvoso e a redu\u00e7\u00e3o no volume dos reservat\u00f3rios das usinas hidrel\u00e9tricas. Com isso, h\u00e1 a necessidade de usar energia produzida pelas usinas termel\u00e9tricas, que t\u00eam maior custo de produ\u00e7\u00e3o.<\/font><\/font> <\/p>\n<p align=\"justify\"><font size=\"3\"><font face=\"Arial\">&#8220;Com o fim do per\u00edodo \u00famido, os reservat\u00f3rios do Sul apresentaram redu\u00e7\u00e3o de volume provocando o aumento do risco hidrol\u00f3gico (GSF) e o pre\u00e7o da energia no mercado de curto prazo (PLD). Al\u00e9m disso, a previs\u00e3o de chuvas \u00e9 baixa quando comparada \u00e0 m\u00e9dia hist\u00f3rica. O GSF e o PLD s\u00e3o as duas vari\u00e1veis que determinam a cor da bandeira a ser acionada&#8221;, disse a ag\u00eancia. <\/font><font face=\"Arial\">Em maio, vigorou a bandeira tarif\u00e1ria amarela, em que h\u00e1 adicional de R$ 1 na conta de energia do consumidor a cada 100 kWh consumidos. Nos quatro primeiros meses dos ano, vigorou a bandeira verde, em que n\u00e3o h\u00e1 cobran\u00e7a extra na conta de luz.<\/font><\/font> <\/p>\n<p align=\"justify\"><font size=\"3\"><font face=\"Arial\">Na ter\u00e7a-feira (22), o presidente da Aneel, Romeu Rufino chegou a afirmar que a tend\u00eancia era de manuten\u00e7\u00e3o da bandeira amarela. Segundo Rufino n\u00e3o houve altera\u00e7\u00f5es relevantes nas condi\u00e7\u00f5es que levaram a ag\u00eancia a adotar a bandeira amarela agora em maio. <\/font><font face=\"Arial\"><strong>SISTEMA<\/strong>: <\/font><font face=\"Arial\">O sistema de bandeiras tarif\u00e1rias foi criado, de acordo com a Aneel, para sinalizar aos consumidores os custos reais da gera\u00e7\u00e3o de energia el\u00e9trica. A ado\u00e7\u00e3o de cada bandeira, nas cores verde, amarela e vermelha (patamar 1 e 2), est\u00e1 relacionada aos custos da gera\u00e7\u00e3o de energia el\u00e9trica.<\/font><\/font> <\/p>\n<p align=\"justify\"><font size=\"3\"><font face=\"Arial\">No patamar 1, o adicional nas contas de luz \u00e9 de R$ 3,00 a cada 100 kWh; j\u00e1 no 2, o valor extra sobe para R$ 5,00. <\/font><font face=\"Arial\">Com a ado\u00e7\u00e3o da bandeira vermelha, a Aneel aconselha os consumidores a adotar h\u00e1bitos que contribuam para a economia de energia, como tomar banhos mais curtos utilizando o chuveiro el\u00e9trico, n\u00e3o deixar a porta da geladeira aberta e n\u00e3o deixar portas e janelas abertas em ambientes com ar condicionado, entre outros.<\/font><\/font><\/p>\n<div style=\"margin-top: 0px; margin-bottom: 0px;\" class=\"sharethis-inline-share-buttons\" ><\/div>","protected":false},"excerpt":{"rendered":"<p>As contas de luz em junho ter\u00e3o bandeira tarif\u00e1ria vermelha no patamar 2, o maior patamar entre as faixas tarif\u00e1rias. Com isso, haver\u00e1 cobran\u00e7a extra nas contas de luz de R$ 5,00 a cada 100 quilowatts-hora (kWh) consumidos. A cobran\u00e7a da nova bandeira foi anunciada hoje (25) pela Ag\u00eancia Nacional de Energia El\u00e9trica (Aneel). De [&hellip;]<\/p>\n","protected":false},"author":1,"featured_media":0,"comment_status":"open","ping_status":"open","sticky":false,"template":"","format":"standard","meta":{"footnotes":""},"categories":[2],"tags":[],"class_list":["post-4060","post","type-post","status-publish","format-standard","hentry","category-noticias-do-dia"],"_links":{"self":[{"href":"https:\/\/www.saloanoticias.com\/v1\/wp-json\/wp\/v2\/posts\/4060","targetHints":{"allow":["GET"]}}],"collection":[{"href":"https:\/\/www.saloanoticias.com\/v1\/wp-json\/wp\/v2\/posts"}],"about":[{"href":"https:\/\/www.saloanoticias.com\/v1\/wp-json\/wp\/v2\/types\/post"}],"author":[{"embeddable":true,"href":"https:\/\/www.saloanoticias.com\/v1\/wp-json\/wp\/v2\/users\/1"}],"replies":[{"embeddable":true,"href":"https:\/\/www.saloanoticias.com\/v1\/wp-json\/wp\/v2\/comments?post=4060"}],"version-history":[{"count":0,"href":"https:\/\/www.saloanoticias.com\/v1\/wp-json\/wp\/v2\/posts\/4060\/revisions"}],"wp:attachment":[{"href":"https:\/\/www.saloanoticias.com\/v1\/wp-json\/wp\/v2\/media?parent=4060"}],"wp:term":[{"taxonomy":"category","embeddable":true,"href":"https:\/\/www.saloanoticias.com\/v1\/wp-json\/wp\/v2\/categories?post=4060"},{"taxonomy":"post_tag","embeddable":true,"href":"https:\/\/www.saloanoticias.com\/v1\/wp-json\/wp\/v2\/tags?post=4060"}],"curies":[{"name":"wp","href":"https:\/\/api.w.org\/{rel}","templated":true}]}}