{"id":4059,"date":"2018-05-25T11:21:00","date_gmt":"2018-05-25T11:21:00","guid":{"rendered":"https:\/\/saloanoticias.mrmediaweb.com\/v1\/2018\/05\/25\/caminhoneiros-criticam-sindicatos-e-dizem-que-continuarao-parados\/"},"modified":"2018-05-25T11:21:00","modified_gmt":"2018-05-25T11:21:00","slug":"caminhoneiros-criticam-sindicatos-e-dizem-que-continuarao-parados","status":"publish","type":"post","link":"https:\/\/www.saloanoticias.com\/v1\/caminhoneiros-criticam-sindicatos-e-dizem-que-continuarao-parados\/","title":{"rendered":"CAMINHONEIROS CRITICAM SINDICATOS E DIZEM QUE CONTINUAR\u00c3O PARADOS"},"content":{"rendered":"<p align=\"justify\"><font face=\"Arial\"><font size=\"3\"><a href=\"http:\/\/www.saloanoticias.com\/images\/27495047580004753650000_e68d00139b8b49d912b51b3359af13be.jpg\"><img loading=\"lazy\" decoding=\"async\" title=\"274950,475,80,0,0,475,365,0,0,0,0\" style=\"border-top: 0px; border-right: 0px; background-image: none; border-bottom: 0px; float: left; padding-top: 0px; padding-left: 0px; margin: 5px 5px 0px 0px; border-left: 0px; display: inline; padding-right: 0px\" border=\"0\" alt=\"274950,475,80,0,0,475,365,0,0,0,0\" src=\"http:\/\/www.saloanoticias.com\/v1\/wp-content\/uploads\/imagens\/27495047580004753650000_thumb_d8a6fe66db1f4f84fc53a135886f3142.jpg\" width=\"389\" align=\"left\" height=\"219\"><\/a>Caminhoneiros aut\u00f4nomos parados nas rodovias brasileiras disseram, ap\u00f3s a <\/font><\/font><a href=\"https:\/\/www.folhape.com.br\/politica\/politica\/politica\/2018\/05\/24\/NWS,69474,7,547,POLITICA,2193-TEMER-ANUNCIA-ACORDO-EVENTO-DIZ-ESPERAR-QUE-GREVE-ESTEJA-RESOLVIDA-ATE-ESTA-SEXTA.aspx\"><font size=\"3\" face=\"Arial\">divulga\u00e7\u00e3o do acordo do governo e oito entidades da categoria<\/font><\/a><font size=\"3\" face=\"Arial\">, que n\u00e3o acabar\u00e3o com a greve. &#8220;Os supostos sindicatos que est\u00e3o negociando n\u00e3o representam os caminhoneiros que est\u00e3o na rua&#8221;, disse o motorista Aguinaldo Jos\u00e9 de Oliveira, 40, que trabalha com transportes h\u00e1 22 anos e para quem o movimento n\u00e3o tem um l\u00edder. &#8220;S\u00e3o uns aproveitadores que n\u00e3o falaram com a gente antes da greve e chegaram agora, quando j\u00e1 estava tudo parado&#8221;, afirma o caminhoneiro que est\u00e1 parado na av. Anhaguera, Campinas.<\/font><\/p>\n<p align=\"justify\"><font size=\"3\" face=\"Arial\">&#8220;Estou em mais de 30 grupos de WhatsApp e em nenhum aceitaram esse acordo.&#8221; Segundo ele, os caminhoneiros pretendem manter a paralisa\u00e7\u00e3o porque o acordo n\u00e3o atinge as suas principais reivindica\u00e7\u00f5es. &#8220;S\u00e3o 14 itens que a gente nem conhece. O principal \u00e9 a redu\u00e7\u00e3o do diesel, mas n\u00e3o essa esmola tempor\u00e1ria de 15 centavos.&#8221; Outro caminhoneiro de 48 anos, parado em Campina Grande, na Para\u00edba e que preferiu n\u00e3o se identificar, concordou que o acordo n\u00e3o representa os trabalhadores aut\u00f4nomos. &#8220;Nenhum caminhoneiro vai aceitar esse acordo.<\/font><\/p>\n<p align=\"justify\"><font size=\"3\" face=\"Arial\">O Brasil vende diesel para a Bol\u00edvia a R$ 1,80 e a gasolina a R$ 2,50. Por que n\u00e3o pode vender aqui tamb\u00e9m?&#8221;, questionou. E reclamou de outros pontos que n\u00e3o apareceram no acordo. &#8220;Por que s\u00f3 caminhoneiros t\u00eam que usar tac\u00f3grafo e fazer exames toxicol\u00f3gicos?&#8221;. Para ele, ou todos os motoristas deveriam ser obrigados a cumprir tais exig\u00eancias ou que nenhum fosse. &#8220;Pagamos R$ 400 para um exame toxicol\u00f3gico, IPVA, diesel caro e ainda temos que pagar ped\u00e1gio&#8221;, disse. &#8220;N\u00e3o est\u00e1 faltando nem comida, nem bebida para gente, vamos continuar nas estradas&#8221;, afirmou o caminhoneiro. <strong><font size=\"2\">Fonte: Jornal Folha de Pernambuco<\/font><\/strong><\/font><\/p>\n<div style=\"margin-top: 0px; margin-bottom: 0px;\" class=\"sharethis-inline-share-buttons\" ><\/div>","protected":false},"excerpt":{"rendered":"<p>Caminhoneiros aut\u00f4nomos parados nas rodovias brasileiras disseram, ap\u00f3s a divulga\u00e7\u00e3o do acordo do governo e oito entidades da categoria, que n\u00e3o acabar\u00e3o com a greve. &#8220;Os supostos sindicatos que est\u00e3o negociando n\u00e3o representam os caminhoneiros que est\u00e3o na rua&#8221;, disse o motorista Aguinaldo Jos\u00e9 de Oliveira, 40, que trabalha com transportes h\u00e1 22 anos e [&hellip;]<\/p>\n","protected":false},"author":1,"featured_media":0,"comment_status":"open","ping_status":"open","sticky":false,"template":"","format":"standard","meta":{"footnotes":""},"categories":[2],"tags":[],"class_list":["post-4059","post","type-post","status-publish","format-standard","hentry","category-noticias-do-dia"],"_links":{"self":[{"href":"https:\/\/www.saloanoticias.com\/v1\/wp-json\/wp\/v2\/posts\/4059","targetHints":{"allow":["GET"]}}],"collection":[{"href":"https:\/\/www.saloanoticias.com\/v1\/wp-json\/wp\/v2\/posts"}],"about":[{"href":"https:\/\/www.saloanoticias.com\/v1\/wp-json\/wp\/v2\/types\/post"}],"author":[{"embeddable":true,"href":"https:\/\/www.saloanoticias.com\/v1\/wp-json\/wp\/v2\/users\/1"}],"replies":[{"embeddable":true,"href":"https:\/\/www.saloanoticias.com\/v1\/wp-json\/wp\/v2\/comments?post=4059"}],"version-history":[{"count":0,"href":"https:\/\/www.saloanoticias.com\/v1\/wp-json\/wp\/v2\/posts\/4059\/revisions"}],"wp:attachment":[{"href":"https:\/\/www.saloanoticias.com\/v1\/wp-json\/wp\/v2\/media?parent=4059"}],"wp:term":[{"taxonomy":"category","embeddable":true,"href":"https:\/\/www.saloanoticias.com\/v1\/wp-json\/wp\/v2\/categories?post=4059"},{"taxonomy":"post_tag","embeddable":true,"href":"https:\/\/www.saloanoticias.com\/v1\/wp-json\/wp\/v2\/tags?post=4059"}],"curies":[{"name":"wp","href":"https:\/\/api.w.org\/{rel}","templated":true}]}}