{"id":4056,"date":"2018-05-24T01:52:00","date_gmt":"2018-05-24T01:52:00","guid":{"rendered":"https:\/\/saloanoticias.mrmediaweb.com\/v1\/2018\/05\/24\/aulas-da-rede-municipal-de-ensino-estao-suspensas-em-saloa\/"},"modified":"2018-05-24T01:52:00","modified_gmt":"2018-05-24T01:52:00","slug":"aulas-da-rede-municipal-de-ensino-estao-suspensas-em-saloa","status":"publish","type":"post","link":"https:\/\/www.saloanoticias.com\/v1\/aulas-da-rede-municipal-de-ensino-estao-suspensas-em-saloa\/","title":{"rendered":"AULAS DA REDE MUNICIPAL DE ENSINO DE SALO\u00c1 EST\u00c3O SUSPENSAS"},"content":{"rendered":"<p align=\"justify\"><font size=\"3\" face=\"Arial\"><a href=\"http:\/\/www.saloanoticias.com\/images\/educao.jpg\"><img loading=\"lazy\" decoding=\"async\" title=\"Educa&ccedil;&atilde;o\" style=\"border-top: 0px; border-right: 0px; background-image: none; border-bottom: 0px; float: none; padding-top: 0px; padding-left: 0px; margin: 0px auto 10px; border-left: 0px; display: block; padding-right: 0px\" border=\"0\" alt=\"Educa&ccedil;&atilde;o\" src=\"http:\/\/www.saloanoticias.com\/v1\/wp-content\/uploads\/imagens\/educao_thumb.jpg\" width=\"1435\" height=\"832\"><\/a>A Secretaria Municipal de Educa\u00e7\u00e3o de Salo\u00e1\/PE, diante da greve dos caminhoneiros que acarretou a falta generalizada de combust\u00edveis nos postos, principalmente o \u00f3leo diesel, suspende as aulas da Rede Municipal nos dias 24 e 25 de maio de 2018, pela inviabilidade de movimentar a frota escolar.<\/font> <font size=\"3\" face=\"Arial\">Informamos ainda que os dias parados em consequ\u00eancia da crise ser\u00e3o repostos conforme orienta\u00e7\u00e3o da SEDUC. <strong><font size=\"2\">Com informa\u00e7\u00f5es da Secretaria de Educa\u00e7\u00e3o de Salo\u00e1<\/font><\/strong><\/font><\/p>\n<div style=\"margin-top: 0px; margin-bottom: 0px;\" class=\"sharethis-inline-share-buttons\" ><\/div>","protected":false},"excerpt":{"rendered":"<p>A Secretaria Municipal de Educa\u00e7\u00e3o de Salo\u00e1\/PE, diante da greve dos caminhoneiros que acarretou a falta generalizada de combust\u00edveis nos postos, principalmente o \u00f3leo diesel, suspende as aulas da Rede Municipal nos dias 24 e 25 de maio de 2018, pela inviabilidade de movimentar a frota escolar. Informamos ainda que os dias parados em consequ\u00eancia [&hellip;]<\/p>\n","protected":false},"author":1,"featured_media":0,"comment_status":"open","ping_status":"open","sticky":false,"template":"","format":"standard","meta":{"footnotes":""},"categories":[2],"tags":[],"class_list":["post-4056","post","type-post","status-publish","format-standard","hentry","category-noticias-do-dia"],"_links":{"self":[{"href":"https:\/\/www.saloanoticias.com\/v1\/wp-json\/wp\/v2\/posts\/4056","targetHints":{"allow":["GET"]}}],"collection":[{"href":"https:\/\/www.saloanoticias.com\/v1\/wp-json\/wp\/v2\/posts"}],"about":[{"href":"https:\/\/www.saloanoticias.com\/v1\/wp-json\/wp\/v2\/types\/post"}],"author":[{"embeddable":true,"href":"https:\/\/www.saloanoticias.com\/v1\/wp-json\/wp\/v2\/users\/1"}],"replies":[{"embeddable":true,"href":"https:\/\/www.saloanoticias.com\/v1\/wp-json\/wp\/v2\/comments?post=4056"}],"version-history":[{"count":0,"href":"https:\/\/www.saloanoticias.com\/v1\/wp-json\/wp\/v2\/posts\/4056\/revisions"}],"wp:attachment":[{"href":"https:\/\/www.saloanoticias.com\/v1\/wp-json\/wp\/v2\/media?parent=4056"}],"wp:term":[{"taxonomy":"category","embeddable":true,"href":"https:\/\/www.saloanoticias.com\/v1\/wp-json\/wp\/v2\/categories?post=4056"},{"taxonomy":"post_tag","embeddable":true,"href":"https:\/\/www.saloanoticias.com\/v1\/wp-json\/wp\/v2\/tags?post=4056"}],"curies":[{"name":"wp","href":"https:\/\/api.w.org\/{rel}","templated":true}]}}