{"id":4055,"date":"2018-05-23T13:28:00","date_gmt":"2018-05-23T13:28:00","guid":{"rendered":"https:\/\/saloanoticias.mrmediaweb.com\/v1\/2018\/05\/23\/sepultamento-de-rivaldo-alves-acontece-as-15-horas-na-serra-de-antonio-ricardo\/"},"modified":"2018-05-23T13:28:00","modified_gmt":"2018-05-23T13:28:00","slug":"sepultamento-de-rivaldo-alves-acontece-as-15-horas-na-serra-de-antonio-ricardo","status":"publish","type":"post","link":"https:\/\/www.saloanoticias.com\/v1\/sepultamento-de-rivaldo-alves-acontece-as-15-horas-na-serra-de-antonio-ricardo\/","title":{"rendered":"SEPULTAMENTO DE RIVALDO ACONTECE \u00c0S 15 HORAS NA SERRA DE ANT\u00d4NIO RICARDO"},"content":{"rendered":"<p align=\"justify\"><font size=\"3\" face=\"Arial\"><a href=\"http:\/\/www.saloanoticias.com\/images\/27073329_10215564760292526_541256413339076049_n.jpg\"><img loading=\"lazy\" decoding=\"async\" title=\"27073329_10215564760292526_541256413339076049_n\" style=\"border-top: 0px; border-right: 0px; background-image: none; border-bottom: 0px; float: left; padding-top: 0px; padding-left: 0px; margin: 5px 5px 0px 0px; border-left: 0px; display: inline; padding-right: 0px\" border=\"0\" alt=\"27073329_10215564760292526_541256413339076049_n\" src=\"http:\/\/www.saloanoticias.com\/v1\/wp-content\/uploads\/imagens\/27073329_10215564760292526_541256413339076049_n_thumb.jpg\" width=\"232\" align=\"left\" height=\"240\"><\/a>O sepultamento do ex-prefeito Rivaldo Alves de Souza acontecer\u00e1 \u00e0s 15h desta quarta-feira (23) na igrejinha da fam\u00edlia que fica localizada na conhecida Serra de Ant\u00f4nio Ricardo, zona rural do Munic\u00edpio. Segundo a organiza\u00e7\u00e3o do funeral, acontecer\u00e1 \u00e0s 10:30h uma missa de corpo presente na quadra de esportes da escola S\u00e3o Vicente, onde o corpo est\u00e1 sendo velado, com a presen\u00e7a do padre Rivaldo Peixoto, e, \u00e0s 13h, o corpo ser\u00e1 levado para o sal\u00e3o nobre da Prefeitura que fica localizada no Centro da cidade. <\/font><font size=\"3\" face=\"Arial\">Consta que a sa\u00edda do cortejo f\u00fanebre sair\u00e1 \u00e0s 15h da Prefeitura com destino a capela da fam\u00edlia que fica na Serra. Desde j\u00e1 os familiares e parentes agradecem a todos que comparecerem a este ato de f\u00e9 e solidariedade crist\u00e3. A qualquer momento mais informa\u00e7\u00f5es sobre este assunto.<\/font><\/p>\n<div style=\"margin-top: 0px; margin-bottom: 0px;\" class=\"sharethis-inline-share-buttons\" ><\/div>","protected":false},"excerpt":{"rendered":"<p>O sepultamento do ex-prefeito Rivaldo Alves de Souza acontecer\u00e1 \u00e0s 15h desta quarta-feira (23) na igrejinha da fam\u00edlia que fica localizada na conhecida Serra de Ant\u00f4nio Ricardo, zona rural do Munic\u00edpio. Segundo a organiza\u00e7\u00e3o do funeral, acontecer\u00e1 \u00e0s 10:30h uma missa de corpo presente na quadra de esportes da escola S\u00e3o Vicente, onde o corpo [&hellip;]<\/p>\n","protected":false},"author":1,"featured_media":0,"comment_status":"open","ping_status":"open","sticky":false,"template":"","format":"standard","meta":{"footnotes":""},"categories":[2],"tags":[],"class_list":["post-4055","post","type-post","status-publish","format-standard","hentry","category-noticias-do-dia"],"_links":{"self":[{"href":"https:\/\/www.saloanoticias.com\/v1\/wp-json\/wp\/v2\/posts\/4055","targetHints":{"allow":["GET"]}}],"collection":[{"href":"https:\/\/www.saloanoticias.com\/v1\/wp-json\/wp\/v2\/posts"}],"about":[{"href":"https:\/\/www.saloanoticias.com\/v1\/wp-json\/wp\/v2\/types\/post"}],"author":[{"embeddable":true,"href":"https:\/\/www.saloanoticias.com\/v1\/wp-json\/wp\/v2\/users\/1"}],"replies":[{"embeddable":true,"href":"https:\/\/www.saloanoticias.com\/v1\/wp-json\/wp\/v2\/comments?post=4055"}],"version-history":[{"count":0,"href":"https:\/\/www.saloanoticias.com\/v1\/wp-json\/wp\/v2\/posts\/4055\/revisions"}],"wp:attachment":[{"href":"https:\/\/www.saloanoticias.com\/v1\/wp-json\/wp\/v2\/media?parent=4055"}],"wp:term":[{"taxonomy":"category","embeddable":true,"href":"https:\/\/www.saloanoticias.com\/v1\/wp-json\/wp\/v2\/categories?post=4055"},{"taxonomy":"post_tag","embeddable":true,"href":"https:\/\/www.saloanoticias.com\/v1\/wp-json\/wp\/v2\/tags?post=4055"}],"curies":[{"name":"wp","href":"https:\/\/api.w.org\/{rel}","templated":true}]}}