{"id":4054,"date":"2018-05-23T11:26:00","date_gmt":"2018-05-23T11:26:00","guid":{"rendered":"https:\/\/saloanoticias.mrmediaweb.com\/v1\/2018\/05\/23\/prefeito-de-saloa-decreta-feriado-em-saloa-nesta-quarta-feira-pela-morte-do-ex-prefeito-rivaldo\/"},"modified":"2018-05-23T11:26:00","modified_gmt":"2018-05-23T11:26:00","slug":"prefeito-de-saloa-decreta-feriado-em-saloa-nesta-quarta-feira-pela-morte-do-ex-prefeito-rivaldo","status":"publish","type":"post","link":"https:\/\/www.saloanoticias.com\/v1\/prefeito-de-saloa-decreta-feriado-em-saloa-nesta-quarta-feira-pela-morte-do-ex-prefeito-rivaldo\/","title":{"rendered":"PREFEITO DE SALO\u00c1 DECRETA FERIADO EM SALO\u00c1 NEST\u00c1 QUARTA-FEIRA PELA MORTE DO EX-PREFEITO RIVALDO ALVES DE SOUZA"},"content":{"rendered":"<p align=\"justify\"><font size=\"3\" face=\"Arial\"><a href=\"http:\/\/www.saloanoticias.com\/images\/visita-do-bispo-768x312_e2885dc5afa88879e2fd72b776f3fac7.jpg\"><img loading=\"lazy\" decoding=\"async\" title=\"Visita-do-Bispo-768x312\" style=\"border-top: 0px; border-right: 0px; background-image: none; border-bottom: 0px; float: left; padding-top: 0px; padding-left: 0px; margin: 5px 5px 0px 0px; border-left: 0px; display: inline; padding-right: 0px\" border=\"0\" alt=\"Visita-do-Bispo-768x312\" src=\"http:\/\/www.saloanoticias.com\/v1\/wp-content\/uploads\/imagens\/visita-do-bispo-768x312_thumb_b91a0ef578f96bab6dfc89dd41944956.jpg\" width=\"225\" align=\"left\" height=\"206\"><\/a>O prefeito, Sr. Manoel Ricardo de Andrade Lima Alves, decretou feriado e luto oficial em Salo\u00e1\/PE nesta quarta-feira, dia 23 de maio de 2018, por conta da morte do ex-prefeito Rivaldo Alves de Souza. O documento foi assinado na ter\u00e7a-feira e j\u00e1 entrou em vigor. Com isso, as reparti\u00e7\u00f5es p\u00fablicas estar\u00e3o todas fechadas na quarta e s\u00f3 retornar\u00e3o a funcionar a quinta. Rivaldo Alves de Souza foi eleito prefeito do Munic\u00edpio em tr\u00eas oportunidades, nos anos de 1982 a 1988, 1996 a 2000 e 2000 a 2004.<\/font><\/p>\n<p align=\"justify\"><a href=\"http:\/\/www.saloanoticias.com\/images\/whatsapp-image-2018-05-23-at-08.33.29.jpg\"><img loading=\"lazy\" decoding=\"async\" title=\"WhatsApp Image 2018-05-23 at 08.33.29\" style=\"border-top: 0px; border-right: 0px; background-image: none; border-bottom: 0px; float: none; padding-top: 0px; padding-left: 0px; margin: 0px auto 10px; border-left: 0px; display: block; padding-right: 0px\" border=\"0\" alt=\"WhatsApp Image 2018-05-23 at 08.33.29\" src=\"http:\/\/www.saloanoticias.com\/v1\/wp-content\/uploads\/imagens\/whatsapp-image-2018-05-23-at-08.33.29_thumb.jpg\" width=\"1396\" height=\"1710\"><\/a><\/p>\n<div style=\"margin-top: 0px; margin-bottom: 0px;\" class=\"sharethis-inline-share-buttons\" ><\/div>","protected":false},"excerpt":{"rendered":"<p>O prefeito, Sr. Manoel Ricardo de Andrade Lima Alves, decretou feriado e luto oficial em Salo\u00e1\/PE nesta quarta-feira, dia 23 de maio de 2018, por conta da morte do ex-prefeito Rivaldo Alves de Souza. O documento foi assinado na ter\u00e7a-feira e j\u00e1 entrou em vigor. Com isso, as reparti\u00e7\u00f5es p\u00fablicas estar\u00e3o todas fechadas na quarta [&hellip;]<\/p>\n","protected":false},"author":1,"featured_media":0,"comment_status":"open","ping_status":"open","sticky":false,"template":"","format":"standard","meta":{"footnotes":""},"categories":[2],"tags":[],"class_list":["post-4054","post","type-post","status-publish","format-standard","hentry","category-noticias-do-dia"],"_links":{"self":[{"href":"https:\/\/www.saloanoticias.com\/v1\/wp-json\/wp\/v2\/posts\/4054","targetHints":{"allow":["GET"]}}],"collection":[{"href":"https:\/\/www.saloanoticias.com\/v1\/wp-json\/wp\/v2\/posts"}],"about":[{"href":"https:\/\/www.saloanoticias.com\/v1\/wp-json\/wp\/v2\/types\/post"}],"author":[{"embeddable":true,"href":"https:\/\/www.saloanoticias.com\/v1\/wp-json\/wp\/v2\/users\/1"}],"replies":[{"embeddable":true,"href":"https:\/\/www.saloanoticias.com\/v1\/wp-json\/wp\/v2\/comments?post=4054"}],"version-history":[{"count":0,"href":"https:\/\/www.saloanoticias.com\/v1\/wp-json\/wp\/v2\/posts\/4054\/revisions"}],"wp:attachment":[{"href":"https:\/\/www.saloanoticias.com\/v1\/wp-json\/wp\/v2\/media?parent=4054"}],"wp:term":[{"taxonomy":"category","embeddable":true,"href":"https:\/\/www.saloanoticias.com\/v1\/wp-json\/wp\/v2\/categories?post=4054"},{"taxonomy":"post_tag","embeddable":true,"href":"https:\/\/www.saloanoticias.com\/v1\/wp-json\/wp\/v2\/tags?post=4054"}],"curies":[{"name":"wp","href":"https:\/\/api.w.org\/{rel}","templated":true}]}}