{"id":4051,"date":"2018-05-20T01:11:00","date_gmt":"2018-05-20T01:11:00","guid":{"rendered":"https:\/\/saloanoticias.mrmediaweb.com\/v1\/2018\/05\/20\/cupula-nacional-do-pt-ja-sinaliza-apoio-a-paulo-camara\/"},"modified":"2018-05-20T01:11:00","modified_gmt":"2018-05-20T01:11:00","slug":"cupula-nacional-do-pt-ja-sinaliza-apoio-a-paulo-camara","status":"publish","type":"post","link":"https:\/\/www.saloanoticias.com\/v1\/cupula-nacional-do-pt-ja-sinaliza-apoio-a-paulo-camara\/","title":{"rendered":"\u201cC\u00daPULA NACIONAL DO PT\u201d J\u00c1 SINALIZA O APOIO A PAULO C\u00c2MARA EM PERNAMBUCO"},"content":{"rendered":"<p align=\"justify\"><font size=\"3\" face=\"Arial\"><a href=\"http:\/\/www.saloanoticias.com\/images\/whatsapp-image-2018-05-19-at-22.25.27_96d206fadd64967aa3fccf0c06d052c4.jpg\"><img loading=\"lazy\" decoding=\"async\" title=\"WhatsApp Image 2018-05-19 at 22.25.27\" style=\"border-top: 0px; border-right: 0px; background-image: none; border-bottom: 0px; float: left; padding-top: 0px; padding-left: 0px; margin: 5px 5px 0px 0px; border-left: 0px; display: inline; padding-right: 0px\" border=\"0\" alt=\"WhatsApp Image 2018-05-19 at 22.25.27\" src=\"http:\/\/www.saloanoticias.com\/v1\/wp-content\/uploads\/imagens\/whatsapp-image-2018-05-19-at-22.25.27_thumb_39c746093c0fdbc7ee6f093686366980.jpg\" width=\"319\" align=\"left\" height=\"297\"><\/a>A defini\u00e7\u00e3o do PT sobre candidatura pr\u00f3pria em Pernambuco ficou para o dia 10 de junho. Se falta algum tempo para os petistas se posicionarem em definitivo, sobram sinaliza\u00e7\u00f5es de que o partido e o PSB avan\u00e7am no sentido de uma alian\u00e7a. Ontem, foi o ex-prefeito de S\u00e3o Paulo, Fernando Haddad, quem telefonou para o governador Paulo C\u00e2mara. Haddad deve desembarcar em Pernambuco at\u00e9 o final da pr\u00f3xima semana. Chegar\u00e1 ao Estado na esteira da visita do ex-governador Jaques Wagner, que, como a coluna publicou com exclusividade ontem, jantou no Pal\u00e1cio das Princesas na \u00faltima quinta-feira.<\/font><\/p>\n<p align=\"justify\"><font size=\"3\" face=\"Arial\">Jaques Wagner veio ao Estado especificamente para esse encontro com C\u00e2mara. Ontem, quando deu-se a reuni\u00e3o dos governadores do Nordeste, o ex-governador da Bahia j\u00e1 havia deixado o Recife. Segundo o governador Rui Costa (BA), Jaques Wagner &#8220;trouxe os informes da visita dele ao presidente Lula&#8221;. Rui sublinhou que o ex-governador da Bahia esteve na semana passada com o ex-presidente e que, durante o jantar oferecido por Paulo C\u00e2mara, Wagner &#8220;ajudou na reflex\u00e3o do quadro conjuntural&#8221;.<\/font><\/p>\n<p align=\"justify\"><font size=\"3\" face=\"Arial\">Segundo fontes petistas observam, nas coxias, o aval j\u00e1 foi dado por Lula para que o PT e o PSB caminhem juntos em Pernambuco, o que deve acarretar uma composi\u00e7\u00e3o em Minas Gerais, cujo governador, Fernando Pimentel, esteve tamb\u00e9m no jantar com Jaques Wagner. Na \u00faltima quinta-feira, Haddad tamb\u00e9m esteve com Lula e a situa\u00e7\u00e3o espec\u00edfica de Pernambuco foi \u00e0 pauta. N\u00e3o \u00e0 toa, o ex-prefeito de S\u00e3o Paulo saiu da visita ao l\u00edder-mor do PT enaltecendo as &#8220;boas ideias&#8221; de Paulo C\u00e2mara. Na esteira, telefonou, ontem, para o governador de Pernambuco.<\/font><\/p>\n<p align=\"justify\"><font size=\"3\" face=\"Arial\">A data da visita ao Recife ainda est\u00e1 para ser fechada em fun\u00e7\u00e3o das agendas de ambos. Segundo petistas, &#8220;n\u00e3o foi de gra\u00e7a&#8221; que Haddad deixou o encontro com Lula falando no nome de C\u00e2mara. Os integrantes do PT criam o cen\u00e1rio, o governador de Pernambuco j\u00e1 fez os gestos e o PT, agora, conta com prazo. Mas, segundo os envolvidos, n\u00e3o falta nada, s\u00f3 anunciar a alian\u00e7a. <strong><font size=\"2\">Fonte: Folha de Pernambuco<\/font><\/strong><\/font><\/p>\n<div style=\"margin-top: 0px; margin-bottom: 0px;\" class=\"sharethis-inline-share-buttons\" ><\/div>","protected":false},"excerpt":{"rendered":"<p>A defini\u00e7\u00e3o do PT sobre candidatura pr\u00f3pria em Pernambuco ficou para o dia 10 de junho. Se falta algum tempo para os petistas se posicionarem em definitivo, sobram sinaliza\u00e7\u00f5es de que o partido e o PSB avan\u00e7am no sentido de uma alian\u00e7a. Ontem, foi o ex-prefeito de S\u00e3o Paulo, Fernando Haddad, quem telefonou para o [&hellip;]<\/p>\n","protected":false},"author":1,"featured_media":0,"comment_status":"open","ping_status":"open","sticky":false,"template":"","format":"standard","meta":{"footnotes":""},"categories":[2],"tags":[],"class_list":["post-4051","post","type-post","status-publish","format-standard","hentry","category-noticias-do-dia"],"_links":{"self":[{"href":"https:\/\/www.saloanoticias.com\/v1\/wp-json\/wp\/v2\/posts\/4051","targetHints":{"allow":["GET"]}}],"collection":[{"href":"https:\/\/www.saloanoticias.com\/v1\/wp-json\/wp\/v2\/posts"}],"about":[{"href":"https:\/\/www.saloanoticias.com\/v1\/wp-json\/wp\/v2\/types\/post"}],"author":[{"embeddable":true,"href":"https:\/\/www.saloanoticias.com\/v1\/wp-json\/wp\/v2\/users\/1"}],"replies":[{"embeddable":true,"href":"https:\/\/www.saloanoticias.com\/v1\/wp-json\/wp\/v2\/comments?post=4051"}],"version-history":[{"count":0,"href":"https:\/\/www.saloanoticias.com\/v1\/wp-json\/wp\/v2\/posts\/4051\/revisions"}],"wp:attachment":[{"href":"https:\/\/www.saloanoticias.com\/v1\/wp-json\/wp\/v2\/media?parent=4051"}],"wp:term":[{"taxonomy":"category","embeddable":true,"href":"https:\/\/www.saloanoticias.com\/v1\/wp-json\/wp\/v2\/categories?post=4051"},{"taxonomy":"post_tag","embeddable":true,"href":"https:\/\/www.saloanoticias.com\/v1\/wp-json\/wp\/v2\/tags?post=4051"}],"curies":[{"name":"wp","href":"https:\/\/api.w.org\/{rel}","templated":true}]}}