{"id":4049,"date":"2018-05-21T21:25:00","date_gmt":"2018-05-21T21:25:00","guid":{"rendered":"https:\/\/saloanoticias.mrmediaweb.com\/v1\/2018\/05\/21\/dom-paulo-jackson-fara-vistia-pastoral-a-comunidade-de-saloa\/"},"modified":"2018-05-21T21:25:00","modified_gmt":"2018-05-21T21:25:00","slug":"dom-paulo-jackson-fara-vistia-pastoral-a-comunidade-de-saloa","status":"publish","type":"post","link":"https:\/\/www.saloanoticias.com\/v1\/dom-paulo-jackson-fara-vistia-pastoral-a-comunidade-de-saloa\/","title":{"rendered":"DOM PAULO JACKSON ESTAR\u00c1 EM SALO\u00c1-PE CUMPRINDO \u201cVISITA PASTORAL\u201d"},"content":{"rendered":"<p align=\"justify\"><font size=\"3\" face=\"Arial\"><a href=\"http:\/\/www.saloanoticias.com\/images\/1898199_899107960154772_1402233690365493707_n_thumb_b672e4e624684561ecfd615d8aef884e_d7181438d70eae3d21370293ab1b4e6e.jpg\"><img loading=\"lazy\" decoding=\"async\" title=\"1898199_899107960154772_1402233690365493707_n_thumb_b672e4e624684561ecfd615d8aef884e\" style=\"border-left-width: 0px; border-right-width: 0px; background-image: none; border-bottom-width: 0px; float: none; padding-top: 0px; padding-left: 0px; margin: 0px auto 10px; display: block; padding-right: 0px; border-top-width: 0px\" border=\"0\" alt=\"1898199_899107960154772_1402233690365493707_n_thumb_b672e4e624684561ecfd615d8aef884e\" src=\"http:\/\/www.saloanoticias.com\/v1\/wp-content\/uploads\/imagens\/1898199_899107960154772_1402233690365493707_n_thumb_b672e4e624684561ecfd615d8aef884e_thumb_0ffe32ac00c753ababc496674dc39471.jpg\" width=\"1453\" height=\"1072\"><\/a>O Bispo Diocesano do Agreste Meridional, Dom Paulo Jacxson, estar\u00e1 visitando a Par\u00f3quia de S\u00e3o Vicente de Paulo da cidade de Salo\u00e1\/PE dos dias 3 a 10 de junho de 2018. O sacerdote vem cumprir a conhecida \u201cVisita Pastoral\u201d, que \u00e9 feita em todas as par\u00f3quias da Diocese de Garanhuns\/PE. Pelas informa\u00e7\u00f5es colhidas pelas redes sociais, ele deve visitar ainda v\u00e1rias comunidades na zona rural do Munic\u00edpio, abrangendo toda a comunidade Cat\u00f3lica. Consta uma vasta programa\u00e7\u00e3o na agenda de Dom Paulo.<\/font><\/p>\n<p align=\"justify\"><a href=\"http:\/\/www.saloanoticias.com\/images\/visita-do-bispo-768x312_823dbb217db6b6f5d9755d55f20ff8ac.jpg\"><img loading=\"lazy\" decoding=\"async\" title=\"Visita-do-Bispo-768x312\" style=\"border-left-width: 0px; border-right-width: 0px; background-image: none; border-bottom-width: 0px; float: none; padding-top: 0px; padding-left: 0px; margin-left: auto; display: block; padding-right: 0px; border-top-width: 0px; margin-right: auto\" border=\"0\" alt=\"Visita-do-Bispo-768x312\" src=\"http:\/\/www.saloanoticias.com\/v1\/wp-content\/uploads\/imagens\/visita-do-bispo-768x312_thumb_1055337ae522317d088d43c744f80120.jpg\" width=\"1452\" height=\"593\"><\/a><\/p>\n<div style=\"margin-top: 0px; margin-bottom: 0px;\" class=\"sharethis-inline-share-buttons\" ><\/div>","protected":false},"excerpt":{"rendered":"<p>O Bispo Diocesano do Agreste Meridional, Dom Paulo Jacxson, estar\u00e1 visitando a Par\u00f3quia de S\u00e3o Vicente de Paulo da cidade de Salo\u00e1\/PE dos dias 3 a 10 de junho de 2018. O sacerdote vem cumprir a conhecida \u201cVisita Pastoral\u201d, que \u00e9 feita em todas as par\u00f3quias da Diocese de Garanhuns\/PE. Pelas informa\u00e7\u00f5es colhidas pelas redes [&hellip;]<\/p>\n","protected":false},"author":1,"featured_media":0,"comment_status":"open","ping_status":"open","sticky":false,"template":"","format":"standard","meta":{"footnotes":""},"categories":[2],"tags":[],"class_list":["post-4049","post","type-post","status-publish","format-standard","hentry","category-noticias-do-dia"],"_links":{"self":[{"href":"https:\/\/www.saloanoticias.com\/v1\/wp-json\/wp\/v2\/posts\/4049","targetHints":{"allow":["GET"]}}],"collection":[{"href":"https:\/\/www.saloanoticias.com\/v1\/wp-json\/wp\/v2\/posts"}],"about":[{"href":"https:\/\/www.saloanoticias.com\/v1\/wp-json\/wp\/v2\/types\/post"}],"author":[{"embeddable":true,"href":"https:\/\/www.saloanoticias.com\/v1\/wp-json\/wp\/v2\/users\/1"}],"replies":[{"embeddable":true,"href":"https:\/\/www.saloanoticias.com\/v1\/wp-json\/wp\/v2\/comments?post=4049"}],"version-history":[{"count":0,"href":"https:\/\/www.saloanoticias.com\/v1\/wp-json\/wp\/v2\/posts\/4049\/revisions"}],"wp:attachment":[{"href":"https:\/\/www.saloanoticias.com\/v1\/wp-json\/wp\/v2\/media?parent=4049"}],"wp:term":[{"taxonomy":"category","embeddable":true,"href":"https:\/\/www.saloanoticias.com\/v1\/wp-json\/wp\/v2\/categories?post=4049"},{"taxonomy":"post_tag","embeddable":true,"href":"https:\/\/www.saloanoticias.com\/v1\/wp-json\/wp\/v2\/tags?post=4049"}],"curies":[{"name":"wp","href":"https:\/\/api.w.org\/{rel}","templated":true}]}}