{"id":4037,"date":"2018-05-12T13:00:00","date_gmt":"2018-05-12T13:00:00","guid":{"rendered":"https:\/\/saloanoticias.mrmediaweb.com\/v1\/2018\/05\/12\/conjunto-vozes-de-siao-comemora-seu-9-aniversario-na-assembleia-de-deus-do-catimbau\/"},"modified":"2018-05-12T13:00:00","modified_gmt":"2018-05-12T13:00:00","slug":"conjunto-vozes-de-siao-comemora-seu-9-aniversario-na-assembleia-de-deus-do-catimbau","status":"publish","type":"post","link":"https:\/\/www.saloanoticias.com\/v1\/conjunto-vozes-de-siao-comemora-seu-9-aniversario-na-assembleia-de-deus-do-catimbau\/","title":{"rendered":"CONJUNTO VOZES DE SI\u00c3O COMEMORA SEU 9\u00ba ANIVERS\u00c1RIO NA ASSEMBLEIA DE DEUS DO S\u00cdTIO CATIMBAU"},"content":{"rendered":"<p align=\"justify\"><font size=\"3\" face=\"Arial\"><a href=\"http:\/\/www.saloanoticias.com\/images\/ad-catimbau.gif\"><img loading=\"lazy\" decoding=\"async\" title=\"ad catimbau\" style=\"border-top: 0px; border-right: 0px; background-image: none; border-bottom: 0px; float: none; padding-top: 0px; padding-left: 0px; margin: 0px auto 10px; border-left: 0px; display: block; padding-right: 0px\" border=\"0\" alt=\"ad catimbau\" src=\"http:\/\/www.saloanoticias.com\/v1\/wp-content\/uploads\/imagens\/ad-catimbau_thumb.gif\" width=\"1453\" height=\"1090\"><\/a>Aconteceu no \u00faltimo domingo (6\/5) a festividade em comemora\u00e7\u00e3o ao 9\u00ba Anivers\u00e1rio do Conjunto de Louvor Vozes de Si\u00e3o da Assembleia de Deus do s\u00edtio Catimbau em Salo\u00e1\/PE. Com o tema: \u201cClama a mim e responderte-ei e anunciarte-ei coisas grandes e firmes que n\u00e3o sabes\u201d Jr. 33,3, a congrega\u00e7\u00e3o ficou pequena para a grande quantidade de fi\u00e9is que foram ouvir os louvores e a palavra de Deus que foi ministrada pelo pastor C\u00e2ndido de Freitas da cidade de Garanhuns.<\/font><\/p>\n<p align=\"justify\"><font size=\"3\" face=\"Arial\">No louvor estiveram v\u00e1rios levitas, dentre eles a cantora Janaina Portugal e cantores locais. O preletor da noite foi usado tremendamente por Deus durante a ministra\u00e7\u00e3o. Segundo o pastor da igreja, Regotier Martins, a festa superou as expectativas, j\u00e1 que Deus se fez presente atrav\u00e9s dos louvores e da sua Santa Palavra. O Conjunto Vozes de Si\u00e3o tem a dire\u00e7\u00e3o do irm\u00e3o Luiz Clemente, que tamb\u00e9m fez quest\u00e3o de agradecer a Deus e a todos os irm\u00e3os que estavam presentes naquela festividade.<\/font><\/p>\n<div style=\"margin-top: 0px; margin-bottom: 0px;\" class=\"sharethis-inline-share-buttons\" ><\/div>","protected":false},"excerpt":{"rendered":"<p>Aconteceu no \u00faltimo domingo (6\/5) a festividade em comemora\u00e7\u00e3o ao 9\u00ba Anivers\u00e1rio do Conjunto de Louvor Vozes de Si\u00e3o da Assembleia de Deus do s\u00edtio Catimbau em Salo\u00e1\/PE. Com o tema: \u201cClama a mim e responderte-ei e anunciarte-ei coisas grandes e firmes que n\u00e3o sabes\u201d Jr. 33,3, a congrega\u00e7\u00e3o ficou pequena para a grande quantidade [&hellip;]<\/p>\n","protected":false},"author":1,"featured_media":0,"comment_status":"open","ping_status":"open","sticky":false,"template":"","format":"standard","meta":{"footnotes":""},"categories":[2],"tags":[],"class_list":["post-4037","post","type-post","status-publish","format-standard","hentry","category-noticias-do-dia"],"_links":{"self":[{"href":"https:\/\/www.saloanoticias.com\/v1\/wp-json\/wp\/v2\/posts\/4037","targetHints":{"allow":["GET"]}}],"collection":[{"href":"https:\/\/www.saloanoticias.com\/v1\/wp-json\/wp\/v2\/posts"}],"about":[{"href":"https:\/\/www.saloanoticias.com\/v1\/wp-json\/wp\/v2\/types\/post"}],"author":[{"embeddable":true,"href":"https:\/\/www.saloanoticias.com\/v1\/wp-json\/wp\/v2\/users\/1"}],"replies":[{"embeddable":true,"href":"https:\/\/www.saloanoticias.com\/v1\/wp-json\/wp\/v2\/comments?post=4037"}],"version-history":[{"count":0,"href":"https:\/\/www.saloanoticias.com\/v1\/wp-json\/wp\/v2\/posts\/4037\/revisions"}],"wp:attachment":[{"href":"https:\/\/www.saloanoticias.com\/v1\/wp-json\/wp\/v2\/media?parent=4037"}],"wp:term":[{"taxonomy":"category","embeddable":true,"href":"https:\/\/www.saloanoticias.com\/v1\/wp-json\/wp\/v2\/categories?post=4037"},{"taxonomy":"post_tag","embeddable":true,"href":"https:\/\/www.saloanoticias.com\/v1\/wp-json\/wp\/v2\/tags?post=4037"}],"curies":[{"name":"wp","href":"https:\/\/api.w.org\/{rel}","templated":true}]}}