{"id":3573,"date":"2017-08-30T20:01:00","date_gmt":"2017-08-30T20:01:00","guid":{"rendered":"https:\/\/saloanoticias.mrmediaweb.com\/v1\/2017\/08\/30\/policia-de-saloa-desmonta-quadrilha-de-assaltantes-que-estava-aterrorizando-saloa\/"},"modified":"2017-08-30T20:01:00","modified_gmt":"2017-08-30T20:01:00","slug":"policia-de-saloa-desmonta-quadrilha-de-assaltantes-que-estava-aterrorizando-saloa","status":"publish","type":"post","link":"https:\/\/www.saloanoticias.com\/v1\/policia-de-saloa-desmonta-quadrilha-de-assaltantes-que-estava-aterrorizando-saloa\/","title":{"rendered":"POL\u00cdCIA DE SALO\u00c1 DESMONTA QUADRILHA QUE ESTAVA ATERRORIZANDO O MUNIC\u00cdPIO"},"content":{"rendered":"<p align=\"justify\"><font size=\"3\" face=\"Arial\"><a href=\"http:\/\/www.saloanoticias.com\/images\/img_22371_3d1eae88e66111cae50e09aae7ca9f77.jpg\"><img loading=\"lazy\" decoding=\"async\" title=\"IMG_2237\" style=\"border-top: 0px; border-right: 0px; background-image: none; border-bottom: 0px; float: left; padding-top: 0px; padding-left: 0px; margin: 5px 5px 10px 0px; border-left: 0px; display: inline; padding-right: 0px\" border=\"0\" alt=\"IMG_2237\" src=\"http:\/\/www.saloanoticias.com\/v1\/wp-content\/uploads\/imagens\/img_22371_thumb_b08e2279ac656f7a7ee9a1e14c11c65e.jpg\" width=\"229\" align=\"left\" height=\"224\"><\/a>Na data de hoje, policiais civis da Delegacia de Salo\u00e1\/PE, sob o comando do Delegado ALYSSON C\u00c2MARA, contando com o apoio da Delegacia de Parantama, deram cumprimento a tr\u00eas mandados de pris\u00e3o preventiva expedidos pelo Ju\u00edzo de Direito da Comarca Dr. R\u00f4mulo Bastos, ap\u00f3s parecer favor\u00e1vel do MP, resultado de intenso trabalho de investiga\u00e7\u00e3o realizado por toda a equipe: Delegado, Comiss\u00e1rios, Agentes e Escriv\u00e3, que foi iniciado desde a semana passada, objetivando identificar os respons\u00e1veis pelos recentes assaltos \u00e0 m\u00e3o armada que vinham amedrontando e retirando a paz e tranq\u00fcilidade da popula\u00e7\u00e3o do munic\u00edpio de Salo\u00e1.<\/font><\/p>\n<p align=\"justify\"><a href=\"http:\/\/www.saloanoticias.com\/images\/img_2238.jpg\"><img loading=\"lazy\" decoding=\"async\" title=\"IMG_2238\" style=\"border-left-width: 0px; border-right-width: 0px; background-image: none; border-bottom-width: 0px; float: none; padding-top: 0px; padding-left: 0px; margin-left: auto; display: block; padding-right: 0px; border-top-width: 0px; margin-right: auto\" border=\"0\" alt=\"IMG_2238\" src=\"http:\/\/www.saloanoticias.com\/v1\/wp-content\/uploads\/imagens\/img_2238_thumb.jpg\" width=\"1496\" height=\"1549\"><\/a><\/p>\n<p align=\"justify\"><font size=\"3\" face=\"Arial\">Na oportunidade em que foram presos as pessoas de LUCINALDO PEREIRA SANTOS, vulgo \u201cL\u00c1GRIMA\u201d foto 1 (22 anos, desempregado, residente no S\u00edtio Mochila, zona rural de Garanhuns-PE) e os irm\u00e3os JANAILSON DOS SANTOS (21 anos, desocupado) e MARCELO DOS SANTOS (19 anos, desocupado), ambos residentes nesta cidade de Salo\u00e1\/PE. Importante destacar, que os presos s\u00e3o apontados como envolvidos em, pelo menos, tr\u00eas roubos ocorridos nesta Comarca, praticados contra populares para roubarem seus aparelhos celulares, bem como a Estabelecimentos Comerciais, sempre utilizando-se de motocicleta e arma de fogo, os quais j\u00e1 foram reconhecidos por diversas v\u00edtimas e testemunhas.<\/font><\/p>\n<p align=\"justify\"><a href=\"http:\/\/www.saloanoticias.com\/images\/img_2239.jpg\"><img loading=\"lazy\" decoding=\"async\" title=\"IMG_2239\" style=\"border-left-width: 0px; border-right-width: 0px; background-image: none; border-bottom-width: 0px; float: none; padding-top: 0px; padding-left: 0px; margin-left: auto; display: block; padding-right: 0px; border-top-width: 0px; margin-right: auto\" border=\"0\" alt=\"IMG_2239\" src=\"http:\/\/www.saloanoticias.com\/v1\/wp-content\/uploads\/imagens\/img_2239_thumb.jpg\" width=\"1499\" height=\"1748\"><\/a><\/p>\n<p align=\"justify\"><font size=\"3\" face=\"Arial\">Ap\u00f3s as formalidades legais, realiza\u00e7\u00e3o de exame de corpo de delito, foram os presos recolhidos \u00e0 Cadeia Publica de Salo\u00e1, onde permanecer\u00e3o \u00e0 disposi\u00e7\u00e3o da Justi\u00e7a Publica da Comarca. Com essas tr\u00eas pris\u00f5es de hoje, j\u00e1 se somam quatro assaltantes retirados de circula\u00e7\u00e3o s\u00f3 este m\u00eas, a \u00faltima pris\u00e3o ocorreu dia19\/08\/2017, quando foi preso *GENAILTON DA SILVA PEREIRA (27 anos, Pedreiro, residente na Rua Amadeu Tavares, n. 172, V\u00e1rzea, Garanhuns\/PE)* que j\u00e1 responde por roubo majorado e vinha aterrorizado a popula\u00e7\u00e3o do pacato Povoado de Iateca, zona rural de Saloa, crime ocorrido no dia 14\/08\/2017, no S\u00edtio Brej\u00e3o do Ara\u00fajo, zona rural de Salo\u00e1, oportunidade onde roubou, mediante uso de arma de fogo, um casal de idosos levando a motocicleta Honda CG 150 TITANcc, cor vermelha, placa KKJ-3528, o qual \u00e9 foragido do Pres\u00eddio de Canhotinho e est\u00e1 recolhido na Cadeia P\u00fablica de Salo\u00e1.<\/font><\/p>\n<p align=\"justify\"><a href=\"http:\/\/www.saloanoticias.com\/images\/img_2240.jpg\"><img loading=\"lazy\" decoding=\"async\" title=\"IMG_2240\" style=\"border-left-width: 0px; border-right-width: 0px; background-image: none; border-bottom-width: 0px; float: none; padding-top: 0px; padding-left: 0px; margin-left: auto; display: block; padding-right: 0px; border-top-width: 0px; margin-right: auto\" border=\"0\" alt=\"IMG_2240\" src=\"http:\/\/www.saloanoticias.com\/v1\/wp-content\/uploads\/imagens\/img_2240_thumb.jpg\" width=\"1494\" height=\"2433\"><\/a><\/p>\n<div style=\"margin-top: 0px; margin-bottom: 0px;\" class=\"sharethis-inline-share-buttons\" ><\/div>","protected":false},"excerpt":{"rendered":"<p>Na data de hoje, policiais civis da Delegacia de Salo\u00e1\/PE, sob o comando do Delegado ALYSSON C\u00c2MARA, contando com o apoio da Delegacia de Parantama, deram cumprimento a tr\u00eas mandados de pris\u00e3o preventiva expedidos pelo Ju\u00edzo de Direito da Comarca Dr. R\u00f4mulo Bastos, ap\u00f3s parecer favor\u00e1vel do MP, resultado de intenso trabalho de investiga\u00e7\u00e3o realizado [&hellip;]<\/p>\n","protected":false},"author":1,"featured_media":0,"comment_status":"open","ping_status":"open","sticky":false,"template":"","format":"standard","meta":{"footnotes":""},"categories":[2],"tags":[],"class_list":["post-3573","post","type-post","status-publish","format-standard","hentry","category-noticias-do-dia"],"_links":{"self":[{"href":"https:\/\/www.saloanoticias.com\/v1\/wp-json\/wp\/v2\/posts\/3573","targetHints":{"allow":["GET"]}}],"collection":[{"href":"https:\/\/www.saloanoticias.com\/v1\/wp-json\/wp\/v2\/posts"}],"about":[{"href":"https:\/\/www.saloanoticias.com\/v1\/wp-json\/wp\/v2\/types\/post"}],"author":[{"embeddable":true,"href":"https:\/\/www.saloanoticias.com\/v1\/wp-json\/wp\/v2\/users\/1"}],"replies":[{"embeddable":true,"href":"https:\/\/www.saloanoticias.com\/v1\/wp-json\/wp\/v2\/comments?post=3573"}],"version-history":[{"count":0,"href":"https:\/\/www.saloanoticias.com\/v1\/wp-json\/wp\/v2\/posts\/3573\/revisions"}],"wp:attachment":[{"href":"https:\/\/www.saloanoticias.com\/v1\/wp-json\/wp\/v2\/media?parent=3573"}],"wp:term":[{"taxonomy":"category","embeddable":true,"href":"https:\/\/www.saloanoticias.com\/v1\/wp-json\/wp\/v2\/categories?post=3573"},{"taxonomy":"post_tag","embeddable":true,"href":"https:\/\/www.saloanoticias.com\/v1\/wp-json\/wp\/v2\/tags?post=3573"}],"curies":[{"name":"wp","href":"https:\/\/api.w.org\/{rel}","templated":true}]}}