{"id":3572,"date":"2017-08-30T19:10:00","date_gmt":"2017-08-30T19:10:00","guid":{"rendered":"https:\/\/saloanoticias.mrmediaweb.com\/v1\/2017\/08\/30\/prefeito-de-saloa-se-reune-com-delegado-para-tratar-da-seguranca-no-municipio\/"},"modified":"2017-08-30T19:10:00","modified_gmt":"2017-08-30T19:10:00","slug":"prefeito-de-saloa-se-reune-com-delegado-para-tratar-da-seguranca-no-municipio","status":"publish","type":"post","link":"https:\/\/www.saloanoticias.com\/v1\/prefeito-de-saloa-se-reune-com-delegado-para-tratar-da-seguranca-no-municipio\/","title":{"rendered":"PREFEITO SE RE\u00daNE COM O DELEGADO PARA TRATAR DA SEGURAN\u00c7A NO MUNIC\u00cdPIO"},"content":{"rendered":"<p align=\"justify\"><font face=\"Arial\"><font size=\"3\"><a href=\"http:\/\/www.saloanoticias.com\/images\/img_20170829_152956965-1.jpg\"><img loading=\"lazy\" decoding=\"async\" title=\"IMG_20170829_152956965 (1)\" style=\"border-top: 0px; border-right: 0px; background-image: none; border-bottom: 0px; float: none; padding-top: 0px; padding-left: 0px; margin: 0px auto 10px; border-left: 0px; display: block; padding-right: 0px\" border=\"0\" alt=\"IMG_20170829_152956965 (1)\" src=\"http:\/\/www.saloanoticias.com\/v1\/wp-content\/uploads\/imagens\/img_20170829_152956965-1_thumb.jpg\" width=\"1503\" height=\"846\"><\/a>O Prefeito Ricardo Alves (PMDB) se encontrou com Delegado para tratar da seguran\u00e7a de Salo\u00e1. O encontro aconteceu n<\/font><\/font><font face=\"Arial\"><font size=\"3\">a Tarde desta \u00faltima ter\u00e7a-feira (29\/08) na sede do poder p\u00fablico municipal com o objetivo de tra\u00e7ar metas para melhorar a seguran\u00e7a em nossa cidade, e que muito em breve ser\u00e1 apresentando resultados positivos. <\/font><\/font><font face=\"Arial\"><font size=\"3\">Tanto o Prefeito quanto o Delegado Dr. Alysson C\u00e2mara est\u00e3o trabalhando para trazer a tranquilidade para os moradores que est\u00e3o sofrendo com esta s\u00e9ria onde de assaltos<\/font><\/font><font face=\"Arial\"><font size=\"3\">.<\/font><\/font> <\/p>\n<p align=\"justify\"><font size=\"3\" face=\"Arial\">Segundo as informa\u00e7\u00f5es repassadas pela assessoria da Prefeitura, a reuni\u00e3o foi bastante proveitosa e contou com a presen\u00e7a do Secret\u00e1rio de Administra\u00e7\u00e3o Airton Maciel e com o escriv\u00e3o da Pol\u00edcia Civil de Pernambuco, Danda. Ainda segundo informa\u00e7\u00f5es, o prefeito teria se reunido tamb\u00e9m na manh\u00e3 da ter\u00e7a com o Comandante da Pol\u00edcia Militar, Tenente Coronel Paulo C\u00e9sar sobre o mesmo assunto. <strong><font size=\"2\">Ascom Salo\u00e1<\/font><\/strong><\/font><\/p>\n<div style=\"margin-top: 0px; margin-bottom: 0px;\" class=\"sharethis-inline-share-buttons\" ><\/div>","protected":false},"excerpt":{"rendered":"<p>O Prefeito Ricardo Alves (PMDB) se encontrou com Delegado para tratar da seguran\u00e7a de Salo\u00e1. O encontro aconteceu na Tarde desta \u00faltima ter\u00e7a-feira (29\/08) na sede do poder p\u00fablico municipal com o objetivo de tra\u00e7ar metas para melhorar a seguran\u00e7a em nossa cidade, e que muito em breve ser\u00e1 apresentando resultados positivos. Tanto o Prefeito [&hellip;]<\/p>\n","protected":false},"author":1,"featured_media":0,"comment_status":"open","ping_status":"open","sticky":false,"template":"","format":"standard","meta":{"footnotes":""},"categories":[2],"tags":[],"class_list":["post-3572","post","type-post","status-publish","format-standard","hentry","category-noticias-do-dia"],"_links":{"self":[{"href":"https:\/\/www.saloanoticias.com\/v1\/wp-json\/wp\/v2\/posts\/3572","targetHints":{"allow":["GET"]}}],"collection":[{"href":"https:\/\/www.saloanoticias.com\/v1\/wp-json\/wp\/v2\/posts"}],"about":[{"href":"https:\/\/www.saloanoticias.com\/v1\/wp-json\/wp\/v2\/types\/post"}],"author":[{"embeddable":true,"href":"https:\/\/www.saloanoticias.com\/v1\/wp-json\/wp\/v2\/users\/1"}],"replies":[{"embeddable":true,"href":"https:\/\/www.saloanoticias.com\/v1\/wp-json\/wp\/v2\/comments?post=3572"}],"version-history":[{"count":0,"href":"https:\/\/www.saloanoticias.com\/v1\/wp-json\/wp\/v2\/posts\/3572\/revisions"}],"wp:attachment":[{"href":"https:\/\/www.saloanoticias.com\/v1\/wp-json\/wp\/v2\/media?parent=3572"}],"wp:term":[{"taxonomy":"category","embeddable":true,"href":"https:\/\/www.saloanoticias.com\/v1\/wp-json\/wp\/v2\/categories?post=3572"},{"taxonomy":"post_tag","embeddable":true,"href":"https:\/\/www.saloanoticias.com\/v1\/wp-json\/wp\/v2\/tags?post=3572"}],"curies":[{"name":"wp","href":"https:\/\/api.w.org\/{rel}","templated":true}]}}