{"id":3571,"date":"2017-08-30T17:25:00","date_gmt":"2017-08-30T17:25:00","guid":{"rendered":"https:\/\/saloanoticias.mrmediaweb.com\/v1\/2017\/08\/30\/nota-de-falecimento-maria-cicera-de-jesus\/"},"modified":"2017-08-30T17:25:00","modified_gmt":"2017-08-30T17:25:00","slug":"nota-de-falecimento-maria-cicera-de-jesus","status":"publish","type":"post","link":"https:\/\/www.saloanoticias.com\/v1\/nota-de-falecimento-maria-cicera-de-jesus\/","title":{"rendered":"NOTA DE FALECIMENTO: MARIA CICERA DE JESUS (CICERA DE JAIME FARINHA AZEDA)"},"content":{"rendered":"<p align=\"justify\"><font size=\"3\" face=\"Arial\"><a href=\"http:\/\/www.saloanoticias.com\/images\/nota-de-falecimento_f5685d45b8bcfd5962deb85e6894cc75.png\"><img loading=\"lazy\" decoding=\"async\" title=\"Nota de Falecimento\" style=\"border-top: 0px; border-right: 0px; background-image: none; border-bottom: 0px; float: left; padding-top: 0px; padding-left: 0px; margin: 5px 5px 0px 0px; border-left: 0px; display: inline; padding-right: 0px\" border=\"0\" alt=\"Nota de Falecimento\" src=\"http:\/\/www.saloanoticias.com\/v1\/wp-content\/uploads\/imagens\/nota-de-falecimento_thumb_3b5ded97c1e00bcca25af59f461f6342.png\" width=\"291\" align=\"left\" height=\"182\"><\/a>Faleceu na manh\u00e3 desta quarta-feira, dia 30 de agosto de 2017, a Sra. Maria Cicera de Jesus, de 84 anos de idade, mais conhecida por Cicera de Jailme Farinha Azeda, av\u00f3 de \u201cGole\u201d, que faleceu no dia 25\/08, h\u00e1 seis dias atr\u00e1s. Segundo os familiares, ela passou mal de repente e veio a \u00f3bito em sua casa. O corpo est\u00e1 sendo velado na resid\u00eancia da fam\u00edlia na Rua Jos\u00e9 Rodrigues, n.\u00ba 02, no centro da cidade, de onde sair\u00e1 para ser sepultada amanh\u00e3 pela manh\u00e3 (o hor\u00e1rio ainda n\u00e3o foi definido pela fam\u00edlia), no cemit\u00e9rio de Santa Quit\u00e9ria.<\/font><\/p>\n<div style=\"margin-top: 0px; margin-bottom: 0px;\" class=\"sharethis-inline-share-buttons\" ><\/div>","protected":false},"excerpt":{"rendered":"<p>Faleceu na manh\u00e3 desta quarta-feira, dia 30 de agosto de 2017, a Sra. Maria Cicera de Jesus, de 84 anos de idade, mais conhecida por Cicera de Jailme Farinha Azeda, av\u00f3 de \u201cGole\u201d, que faleceu no dia 25\/08, h\u00e1 seis dias atr\u00e1s. Segundo os familiares, ela passou mal de repente e veio a \u00f3bito em [&hellip;]<\/p>\n","protected":false},"author":1,"featured_media":0,"comment_status":"open","ping_status":"open","sticky":false,"template":"","format":"standard","meta":{"footnotes":""},"categories":[2],"tags":[],"class_list":["post-3571","post","type-post","status-publish","format-standard","hentry","category-noticias-do-dia"],"_links":{"self":[{"href":"https:\/\/www.saloanoticias.com\/v1\/wp-json\/wp\/v2\/posts\/3571","targetHints":{"allow":["GET"]}}],"collection":[{"href":"https:\/\/www.saloanoticias.com\/v1\/wp-json\/wp\/v2\/posts"}],"about":[{"href":"https:\/\/www.saloanoticias.com\/v1\/wp-json\/wp\/v2\/types\/post"}],"author":[{"embeddable":true,"href":"https:\/\/www.saloanoticias.com\/v1\/wp-json\/wp\/v2\/users\/1"}],"replies":[{"embeddable":true,"href":"https:\/\/www.saloanoticias.com\/v1\/wp-json\/wp\/v2\/comments?post=3571"}],"version-history":[{"count":0,"href":"https:\/\/www.saloanoticias.com\/v1\/wp-json\/wp\/v2\/posts\/3571\/revisions"}],"wp:attachment":[{"href":"https:\/\/www.saloanoticias.com\/v1\/wp-json\/wp\/v2\/media?parent=3571"}],"wp:term":[{"taxonomy":"category","embeddable":true,"href":"https:\/\/www.saloanoticias.com\/v1\/wp-json\/wp\/v2\/categories?post=3571"},{"taxonomy":"post_tag","embeddable":true,"href":"https:\/\/www.saloanoticias.com\/v1\/wp-json\/wp\/v2\/tags?post=3571"}],"curies":[{"name":"wp","href":"https:\/\/api.w.org\/{rel}","templated":true}]}}