{"id":3570,"date":"2017-08-29T17:15:00","date_gmt":"2017-08-29T17:15:00","guid":{"rendered":"https:\/\/saloanoticias.mrmediaweb.com\/v1\/2017\/08\/29\/coordenadoria-da-mulher-realiza-palestra-na-camara-de-vereadores-de-saloa\/"},"modified":"2017-08-29T17:15:00","modified_gmt":"2017-08-29T17:15:00","slug":"coordenadoria-da-mulher-realiza-palestra-na-camara-de-vereadores-de-saloa","status":"publish","type":"post","link":"https:\/\/www.saloanoticias.com\/v1\/coordenadoria-da-mulher-realiza-palestra-na-camara-de-vereadores-de-saloa\/","title":{"rendered":"\u201cCOORDENADORIA DA MULHER\u201d REALIZOU PALESTRA NA C\u00c2MARA DE VEREADORES DE SALO\u00c1 SOBRE VIOL\u00caNCIA"},"content":{"rendered":"<p align=\"justify\"><font face=\"Arial\"><font size=\"3\"><a href=\"http:\/\/www.saloanoticias.com\/images\/21105489_1445330535532509_7974591878887844078_n.jpg\"><img loading=\"lazy\" decoding=\"async\" title=\"21105489_1445330535532509_7974591878887844078_n\" style=\"border-top: 0px; border-right: 0px; background-image: none; border-bottom: 0px; float: none; padding-top: 0px; padding-left: 0px; margin: 0px auto 10px; border-left: 0px; display: block; padding-right: 0px\" border=\"0\" alt=\"21105489_1445330535532509_7974591878887844078_n\" src=\"http:\/\/www.saloanoticias.com\/v1\/wp-content\/uploads\/imagens\/21105489_1445330535532509_7974591878887844078_n_thumb.jpg\" width=\"1492\" height=\"839\"><\/a>Hoje pela manh\u00e3 (29\/08) foi realizada na C\u00e2mara Municipal de Vereadores de Salo\u00e1 importante uma palestra sobre Viol\u00eancia contra as Mulheres. Participaram moto-taxistas da cidade, funcion\u00e1rios p\u00fablicos e populares que ouviram atentamente as orienta\u00e7\u00f5es sobre o tema. <\/font><\/font><font face=\"Arial\"><font size=\"3\">Quem ministrou a Palestra foi a Coordenadora da Secretaria da Mulher de Garanhuns, Sra. Valqu\u00edria, que durante a palestra apresentou a encena\u00e7\u00e3o de um teatro de como come\u00e7a e termina um relacionamento que desde inicio o homem se mostra um agressor.<\/font><\/font><\/p>\n<p align=\"justify\"><font face=\"Arial\"><font size=\"3\"><u><\/u><u><a href=\"http:\/\/www.saloanoticias.com\/images\/21150391_1445330528865843_8460883368632505460_n.jpg\"><img loading=\"lazy\" decoding=\"async\" title=\"21150391_1445330528865843_8460883368632505460_n\" style=\"border-top: 0px; border-right: 0px; background-image: none; border-bottom: 0px; float: none; padding-top: 0px; padding-left: 0px; margin-left: auto; border-left: 0px; display: block; padding-right: 0px; margin-right: auto\" border=\"0\" alt=\"21150391_1445330528865843_8460883368632505460_n\" src=\"http:\/\/www.saloanoticias.com\/v1\/wp-content\/uploads\/imagens\/21150391_1445330528865843_8460883368632505460_n_thumb.jpg\" width=\"1490\" height=\"839\"><\/a><\/u><\/font><\/font><\/p>\n<p align=\"justify\"><font face=\"Arial\"><font size=\"3\">Se voc\u00ea sabe onde tem agress\u00e3o contra a mulher e ela n\u00e3o denuncia, denuncie, n\u00e3o deixe que aconte\u00e7a uma coisa mais grave. <\/font><\/font><font face=\"Arial\"><font size=\"3\">A Palestra foi uma realiza\u00e7\u00e3o da Secretaria Municipal de Assist\u00eancia Social, CREAS e Coordenadoria da Mulher. Mais de 80 pessoas prestigiaram o evento, em quase sua totalidade homens.&nbsp; <\/font><\/font><font size=\"2\" face=\"Arial\"><strong>ASCOM Salo\u00e1<\/strong><\/font> <\/p>\n<p align=\"justify\"><a href=\"http:\/\/www.saloanoticias.com\/images\/_dsc0931.jpg\"><img loading=\"lazy\" decoding=\"async\" title=\"_DSC0931\" style=\"border-top: 0px; border-right: 0px; background-image: none; border-bottom: 0px; float: none; padding-top: 0px; padding-left: 0px; margin-left: auto; border-left: 0px; display: block; padding-right: 0px; margin-right: auto\" border=\"0\" alt=\"_DSC0931\" src=\"http:\/\/www.saloanoticias.com\/v1\/wp-content\/uploads\/imagens\/_dsc0931_thumb.jpg\" width=\"1492\" height=\"778\"><\/a><\/p>\n<div style=\"margin-top: 0px; margin-bottom: 0px;\" class=\"sharethis-inline-share-buttons\" ><\/div>","protected":false},"excerpt":{"rendered":"<p>Hoje pela manh\u00e3 (29\/08) foi realizada na C\u00e2mara Municipal de Vereadores de Salo\u00e1 importante uma palestra sobre Viol\u00eancia contra as Mulheres. Participaram moto-taxistas da cidade, funcion\u00e1rios p\u00fablicos e populares que ouviram atentamente as orienta\u00e7\u00f5es sobre o tema. Quem ministrou a Palestra foi a Coordenadora da Secretaria da Mulher de Garanhuns, Sra. Valqu\u00edria, que durante a [&hellip;]<\/p>\n","protected":false},"author":1,"featured_media":0,"comment_status":"open","ping_status":"open","sticky":false,"template":"","format":"standard","meta":{"footnotes":""},"categories":[2],"tags":[],"class_list":["post-3570","post","type-post","status-publish","format-standard","hentry","category-noticias-do-dia"],"_links":{"self":[{"href":"https:\/\/www.saloanoticias.com\/v1\/wp-json\/wp\/v2\/posts\/3570","targetHints":{"allow":["GET"]}}],"collection":[{"href":"https:\/\/www.saloanoticias.com\/v1\/wp-json\/wp\/v2\/posts"}],"about":[{"href":"https:\/\/www.saloanoticias.com\/v1\/wp-json\/wp\/v2\/types\/post"}],"author":[{"embeddable":true,"href":"https:\/\/www.saloanoticias.com\/v1\/wp-json\/wp\/v2\/users\/1"}],"replies":[{"embeddable":true,"href":"https:\/\/www.saloanoticias.com\/v1\/wp-json\/wp\/v2\/comments?post=3570"}],"version-history":[{"count":0,"href":"https:\/\/www.saloanoticias.com\/v1\/wp-json\/wp\/v2\/posts\/3570\/revisions"}],"wp:attachment":[{"href":"https:\/\/www.saloanoticias.com\/v1\/wp-json\/wp\/v2\/media?parent=3570"}],"wp:term":[{"taxonomy":"category","embeddable":true,"href":"https:\/\/www.saloanoticias.com\/v1\/wp-json\/wp\/v2\/categories?post=3570"},{"taxonomy":"post_tag","embeddable":true,"href":"https:\/\/www.saloanoticias.com\/v1\/wp-json\/wp\/v2\/tags?post=3570"}],"curies":[{"name":"wp","href":"https:\/\/api.w.org\/{rel}","templated":true}]}}