{"id":3568,"date":"2017-08-27T12:07:00","date_gmt":"2017-08-27T12:07:00","guid":{"rendered":"https:\/\/saloanoticias.mrmediaweb.com\/v1\/2017\/08\/27\/saloa-encerra-semana-municipal-da-pessoa-com-deficiencia-intelectual-e-multipla\/"},"modified":"2017-08-27T12:07:00","modified_gmt":"2017-08-27T12:07:00","slug":"saloa-encerra-semana-municipal-da-pessoa-com-deficiencia-intelectual-e-multipla","status":"publish","type":"post","link":"https:\/\/www.saloanoticias.com\/v1\/saloa-encerra-semana-municipal-da-pessoa-com-deficiencia-intelectual-e-multipla\/","title":{"rendered":"SALO\u00c1\/PE ENCERRA SEMANA MUNICIPAL DA PESSOA COM DEFICI\u00caNCIA INTELECTUAL E M\u00daLTIPLA"},"content":{"rendered":"<p align=\"justify\"><font face=\"Arial\"><font size=\"3\"><a href=\"http:\/\/www.saloanoticias.com\/images\/_dsc0881.jpg\"><img loading=\"lazy\" decoding=\"async\" title=\"_DSC0881\" style=\"border-top: 0px; border-right: 0px; background-image: none; border-bottom: 0px; float: none; padding-top: 0px; padding-left: 0px; margin: 0px auto 10px; border-left: 0px; display: block; padding-right: 0px\" border=\"0\" alt=\"_DSC0881\" src=\"http:\/\/www.saloanoticias.com\/v1\/wp-content\/uploads\/imagens\/_dsc0881_thumb.jpg\" width=\"1473\" height=\"889\"><\/a>Encerrou na manh\u00e3 desta sexta-feira (25) no CCI a 1\u00aa Semana Municipal da Pessoa com Defici\u00eancia Intelectual e M\u00faltipla. Foi uma semana muito proveitosa onde contou com a participa\u00e7\u00e3o de muitas pessoas, inclusive com a presen\u00e7a de autoridades. <\/font><\/font><font face=\"Arial\"><font size=\"3\">O evento foi realizado pelas Secretarias de Sa\u00fade, Educa\u00e7\u00e3o e Assist\u00eancia Social de nossa cidade e foram realizadas oficinas, cinema, aul\u00e3o de libras, passeata e muito mais. <\/font><\/font><font size=\"3\" face=\"Arial\">E no dia (25\/08) no encerramento contou com todos os Secret\u00e1rios, Alunos, Professores, Coordenadores e v\u00e1rios populares que foram prestigiar esse lindo momento.<\/font><\/p>\n<div style=\"margin-top: 0px; margin-bottom: 0px;\" class=\"sharethis-inline-share-buttons\" ><\/div>","protected":false},"excerpt":{"rendered":"<p>Encerrou na manh\u00e3 desta sexta-feira (25) no CCI a 1\u00aa Semana Municipal da Pessoa com Defici\u00eancia Intelectual e M\u00faltipla. Foi uma semana muito proveitosa onde contou com a participa\u00e7\u00e3o de muitas pessoas, inclusive com a presen\u00e7a de autoridades. O evento foi realizado pelas Secretarias de Sa\u00fade, Educa\u00e7\u00e3o e Assist\u00eancia Social de nossa cidade e foram [&hellip;]<\/p>\n","protected":false},"author":1,"featured_media":0,"comment_status":"open","ping_status":"open","sticky":false,"template":"","format":"standard","meta":{"footnotes":""},"categories":[2],"tags":[],"class_list":["post-3568","post","type-post","status-publish","format-standard","hentry","category-noticias-do-dia"],"_links":{"self":[{"href":"https:\/\/www.saloanoticias.com\/v1\/wp-json\/wp\/v2\/posts\/3568","targetHints":{"allow":["GET"]}}],"collection":[{"href":"https:\/\/www.saloanoticias.com\/v1\/wp-json\/wp\/v2\/posts"}],"about":[{"href":"https:\/\/www.saloanoticias.com\/v1\/wp-json\/wp\/v2\/types\/post"}],"author":[{"embeddable":true,"href":"https:\/\/www.saloanoticias.com\/v1\/wp-json\/wp\/v2\/users\/1"}],"replies":[{"embeddable":true,"href":"https:\/\/www.saloanoticias.com\/v1\/wp-json\/wp\/v2\/comments?post=3568"}],"version-history":[{"count":0,"href":"https:\/\/www.saloanoticias.com\/v1\/wp-json\/wp\/v2\/posts\/3568\/revisions"}],"wp:attachment":[{"href":"https:\/\/www.saloanoticias.com\/v1\/wp-json\/wp\/v2\/media?parent=3568"}],"wp:term":[{"taxonomy":"category","embeddable":true,"href":"https:\/\/www.saloanoticias.com\/v1\/wp-json\/wp\/v2\/categories?post=3568"},{"taxonomy":"post_tag","embeddable":true,"href":"https:\/\/www.saloanoticias.com\/v1\/wp-json\/wp\/v2\/tags?post=3568"}],"curies":[{"name":"wp","href":"https:\/\/api.w.org\/{rel}","templated":true}]}}