{"id":3566,"date":"2017-08-26T19:57:00","date_gmt":"2017-08-26T19:57:00","guid":{"rendered":"https:\/\/saloanoticias.mrmediaweb.com\/v1\/2017\/08\/26\/batista-betel-realiza-o-dia-do-reencontro\/"},"modified":"2017-08-26T19:57:00","modified_gmt":"2017-08-26T19:57:00","slug":"batista-betel-realiza-o-dia-do-reencontro","status":"publish","type":"post","link":"https:\/\/www.saloanoticias.com\/v1\/batista-betel-realiza-o-dia-do-reencontro\/","title":{"rendered":"IGREJA BATISTA BETEL REALIZAR\u00c1 O DIA DO REENCONTRO NESTE DOMINGO (27)"},"content":{"rendered":"<p align=\"justify\"><font size=\"3\" face=\"Arial\"><a href=\"http:\/\/www.saloanoticias.com\/images\/20953764_1438919186173644_6369257347028259640_n_8cd2b05562799794b6f605e7718dfccc.jpg\"><img loading=\"lazy\" decoding=\"async\" title=\"20953764_1438919186173644_6369257347028259640_n\" style=\"border-top: 0px; border-right: 0px; background-image: none; border-bottom: 0px; float: none; padding-top: 0px; padding-left: 0px; margin: 0px auto 10px; border-left: 0px; display: block; padding-right: 0px\" border=\"0\" alt=\"20953764_1438919186173644_6369257347028259640_n\" src=\"http:\/\/www.saloanoticias.com\/v1\/wp-content\/uploads\/imagens\/20953764_1438919186173644_6369257347028259640_n_thumb_48d923a787b227c6c58510f39e9238bc.jpg\" width=\"1516\" height=\"1016\"><\/a>A Igreja Batista Betel da cidade de Salo\u00e1\/PE realizar\u00e1 neste domingo, dia 27 de agosto de 2017, o evento chamado de \u201cDia do Reencontro\u201d. As atividades alusivas para esta finalidade acontecer\u00e1 na pra\u00e7a S\u00e3o Vicente \u00e0s 15h com uma tarde de evangelismo e depois \u00e0s 18 horas o grande culto de encerramento na sede da Igreja. A Igreja Betel espera trazer de volta para as almas que est\u00e3o desviadas dos caminhos do Senhor. O palestrante convidado ser\u00e1 o irm\u00e3o Alexandre Melo e no louvor os cantores: Theo Barros, Denis Rodrigues e Mike Ara\u00fajo<\/font><font size=\"3\" face=\"Arial\">. A pastora Isabel Alves faz quest\u00e3o de convidar todas as pessoas independente de sua denomina\u00e7\u00e3o religiosa para participarem deste dia de reencontro com Deus. Ore, divulgue e participe !<\/font><\/p>\n<div style=\"margin-top: 0px; margin-bottom: 0px;\" class=\"sharethis-inline-share-buttons\" ><\/div>","protected":false},"excerpt":{"rendered":"<p>A Igreja Batista Betel da cidade de Salo\u00e1\/PE realizar\u00e1 neste domingo, dia 27 de agosto de 2017, o evento chamado de \u201cDia do Reencontro\u201d. As atividades alusivas para esta finalidade acontecer\u00e1 na pra\u00e7a S\u00e3o Vicente \u00e0s 15h com uma tarde de evangelismo e depois \u00e0s 18 horas o grande culto de encerramento na sede da [&hellip;]<\/p>\n","protected":false},"author":1,"featured_media":0,"comment_status":"open","ping_status":"open","sticky":false,"template":"","format":"standard","meta":{"footnotes":""},"categories":[2],"tags":[],"class_list":["post-3566","post","type-post","status-publish","format-standard","hentry","category-noticias-do-dia"],"_links":{"self":[{"href":"https:\/\/www.saloanoticias.com\/v1\/wp-json\/wp\/v2\/posts\/3566","targetHints":{"allow":["GET"]}}],"collection":[{"href":"https:\/\/www.saloanoticias.com\/v1\/wp-json\/wp\/v2\/posts"}],"about":[{"href":"https:\/\/www.saloanoticias.com\/v1\/wp-json\/wp\/v2\/types\/post"}],"author":[{"embeddable":true,"href":"https:\/\/www.saloanoticias.com\/v1\/wp-json\/wp\/v2\/users\/1"}],"replies":[{"embeddable":true,"href":"https:\/\/www.saloanoticias.com\/v1\/wp-json\/wp\/v2\/comments?post=3566"}],"version-history":[{"count":0,"href":"https:\/\/www.saloanoticias.com\/v1\/wp-json\/wp\/v2\/posts\/3566\/revisions"}],"wp:attachment":[{"href":"https:\/\/www.saloanoticias.com\/v1\/wp-json\/wp\/v2\/media?parent=3566"}],"wp:term":[{"taxonomy":"category","embeddable":true,"href":"https:\/\/www.saloanoticias.com\/v1\/wp-json\/wp\/v2\/categories?post=3566"},{"taxonomy":"post_tag","embeddable":true,"href":"https:\/\/www.saloanoticias.com\/v1\/wp-json\/wp\/v2\/tags?post=3566"}],"curies":[{"name":"wp","href":"https:\/\/api.w.org\/{rel}","templated":true}]}}